{"id":1163,"date":"2001-11-06T20:45:33","date_gmt":"2001-11-06T20:45:33","guid":{"rendered":""},"modified":"2026-04-18T23:06:11","modified_gmt":"2026-04-18T23:06:11","slug":"1163","status":"publish","type":"post","link":"https:\/\/hellem.org\/wblog\/?p=1163","title":{"rendered":""},"content":{"rendered":"<p>Morro \u00e5 se hvor forskjellig ting kan bli fremstilt:<\/p>\n<p><strong>&#8220;- Jeg kommer nok ikke tilbake etter dette, sier spydkasteren P\u00e5l Arne Fagernes etter at han i helgen ble p\u00e5grepet med amfetamin og kokain i en politirazzia p\u00e5 en fest i Oslo&#8221;<\/strong><\/p>\n<p>http:\/\/www.aftenposten.no\/nyheter\/sport\/article.jhtml?articleID=224399<\/p>\n<p>Mens VG har valg \u00e5 fremstille det _litt_ annerledes<\/p>\n<p><strong>&#8220;Tatt i narko-reir<\/p>\n<p>Det fl\u00f8t av narkotika p\u00e5 festen. Spydkasteren P\u00e5l Arne Fagernes (27) brukte b\u00e5de amfetamin og kokain i tillegg til mye alkohol. S\u00e5 stormet politiet inn. &#8220;<\/strong><\/p>\n<p>http:\/\/www.vg.no\/pub\/vgart.hbs?artid=2103481<\/p>\n","protected":false},"excerpt":{"rendered":"<p>Morro \u00e5 se hvor forskjellig ting kan bli fremstilt: &#8220;- Jeg kommer nok ikke tilbake etter dette, sier spydkasteren P\u00e5l Arne Fagernes etter at han i helgen ble p\u00e5grepet med amfetamin og kokain i en politirazzia p\u00e5 en fest i Oslo&#8221; http:\/\/www.aftenposten.no\/nyheter\/sport\/article.jhtml?articleID=224399 Mens VG har valg \u00e5 fremstille det _litt_ annerledes &#8220;Tatt i narko-reir Det [&hellip;]<\/p>\n","protected":false},"author":1,"featured_media":0,"comment_status":"open","ping_status":"open","sticky":false,"template":"","format":"standard","meta":{"footnotes":""},"categories":[110],"tags":[],"class_list":["post-1163","post","type-post","status-publish","format-standard","hentry","category-in-norwegian"],"_links":{"self":[{"href":"https:\/\/hellem.org\/wblog\/index.php?rest_route=\/wp\/v2\/posts\/1163","targetHints":{"allow":["GET"]}}],"collection":[{"href":"https:\/\/hellem.org\/wblog\/index.php?rest_route=\/wp\/v2\/posts"}],"about":[{"href":"https:\/\/hellem.org\/wblog\/index.php?rest_route=\/wp\/v2\/types\/post"}],"author":[{"embeddable":true,"href":"https:\/\/hellem.org\/wblog\/index.php?rest_route=\/wp\/v2\/users\/1"}],"replies":[{"embeddable":true,"href":"https:\/\/hellem.org\/wblog\/index.php?rest_route=%2Fwp%2Fv2%2Fcomments&post=1163"}],"version-history":[{"count":1,"href":"https:\/\/hellem.org\/wblog\/index.php?rest_route=\/wp\/v2\/posts\/1163\/revisions"}],"predecessor-version":[{"id":17367,"href":"https:\/\/hellem.org\/wblog\/index.php?rest_route=\/wp\/v2\/posts\/1163\/revisions\/17367"}],"wp:attachment":[{"href":"https:\/\/hellem.org\/wblog\/index.php?rest_route=%2Fwp%2Fv2%2Fmedia&parent=1163"}],"wp:term":[{"taxonomy":"category","embeddable":true,"href":"https:\/\/hellem.org\/wblog\/index.php?rest_route=%2Fwp%2Fv2%2Fcategories&post=1163"},{"taxonomy":"post_tag","embeddable":true,"href":"https:\/\/hellem.org\/wblog\/index.php?rest_route=%2Fwp%2Fv2%2Ftags&post=1163"}],"curies":[{"name":"wp","href":"https:\/\/api.w.org\/{rel}","templated":true}]}}