{"id":1235,"date":"2002-09-01T22:32:10","date_gmt":"2002-09-01T22:32:10","guid":{"rendered":""},"modified":"2026-04-18T23:05:42","modified_gmt":"2026-04-18T23:05:42","slug":"1235","status":"publish","type":"post","link":"https:\/\/hellem.org\/wblog\/?p=1235","title":{"rendered":""},"content":{"rendered":"<p>Snakker om \u00e5 drite seg ut&#8230;.he-he&#8230;har kanskje litt for h\u00f8ye tanker om seg selv&#8230;<\/p>\n<p>&#8230;Han fortsatte med \u00e5 takke Gud, foreldrene og tryllekunstneren David Blaine&#8230;<\/p>\n<p>&#8230;I dag bekreftet MTV at det hele var en misforst\u00e5else.<br \/>\n&#8211; Vi har ingen pris for \u00e5rtusenets beste artist. Jeg tror det har blitt en misforst\u00e5else, sa en talsmann for kanalen<\/p>\n<p>http:\/\/www.vg.no\/pub\/vgart.hbs?artid=5520025<\/p>\n","protected":false},"excerpt":{"rendered":"<p>Snakker om \u00e5 drite seg ut&#8230;.he-he&#8230;har kanskje litt for h\u00f8ye tanker om seg selv&#8230; &#8230;Han fortsatte med \u00e5 takke Gud, foreldrene og tryllekunstneren David Blaine&#8230; &#8230;I dag bekreftet MTV at det hele var en misforst\u00e5else. &#8211; Vi har ingen pris for \u00e5rtusenets beste artist. Jeg tror det har blitt en misforst\u00e5else, sa en talsmann for [&hellip;]<\/p>\n","protected":false},"author":1,"featured_media":0,"comment_status":"open","ping_status":"open","sticky":false,"template":"","format":"standard","meta":{"footnotes":""},"categories":[110],"tags":[],"class_list":["post-1235","post","type-post","status-publish","format-standard","hentry","category-in-norwegian"],"_links":{"self":[{"href":"https:\/\/hellem.org\/wblog\/index.php?rest_route=\/wp\/v2\/posts\/1235","targetHints":{"allow":["GET"]}}],"collection":[{"href":"https:\/\/hellem.org\/wblog\/index.php?rest_route=\/wp\/v2\/posts"}],"about":[{"href":"https:\/\/hellem.org\/wblog\/index.php?rest_route=\/wp\/v2\/types\/post"}],"author":[{"embeddable":true,"href":"https:\/\/hellem.org\/wblog\/index.php?rest_route=\/wp\/v2\/users\/1"}],"replies":[{"embeddable":true,"href":"https:\/\/hellem.org\/wblog\/index.php?rest_route=%2Fwp%2Fv2%2Fcomments&post=1235"}],"version-history":[{"count":1,"href":"https:\/\/hellem.org\/wblog\/index.php?rest_route=\/wp\/v2\/posts\/1235\/revisions"}],"predecessor-version":[{"id":17249,"href":"https:\/\/hellem.org\/wblog\/index.php?rest_route=\/wp\/v2\/posts\/1235\/revisions\/17249"}],"wp:attachment":[{"href":"https:\/\/hellem.org\/wblog\/index.php?rest_route=%2Fwp%2Fv2%2Fmedia&parent=1235"}],"wp:term":[{"taxonomy":"category","embeddable":true,"href":"https:\/\/hellem.org\/wblog\/index.php?rest_route=%2Fwp%2Fv2%2Fcategories&post=1235"},{"taxonomy":"post_tag","embeddable":true,"href":"https:\/\/hellem.org\/wblog\/index.php?rest_route=%2Fwp%2Fv2%2Ftags&post=1235"}],"curies":[{"name":"wp","href":"https:\/\/api.w.org\/{rel}","templated":true}]}}