{"id":130,"date":"2004-05-27T20:18:42","date_gmt":"2004-05-27T20:18:42","guid":{"rendered":""},"modified":"2026-04-18T23:03:16","modified_gmt":"2026-04-18T23:03:16","slug":"130","status":"publish","type":"post","link":"https:\/\/hellem.org\/wblog\/?p=130","title":{"rendered":""},"content":{"rendered":"<p>God leder i dagens Aftenposten knyttet til Irak \/ USA og den siste tids hendelser<\/p>\n<blockquote><p>Amnesty Internationals generalsekret\u00e6r Irene Kahn retter sterk kritikk mot Bush-administrasjonen i forordet til organisasjonens \u00e5rlige rapport. I den anklages USA for \u00e5 undergrave menneskerettighetene i kampen mot internasjonal terrorisme.<\/p><\/blockquote>\n<p><a href=\"http:\/\/www.aftenposten.no\/meninger\/leder_morgen\/article796993.ece\">http:\/\/www.aftenposten.no\/meninger\/leder_morgen\/article796993.ece<\/a><\/p>\n","protected":false},"excerpt":{"rendered":"<p>God leder i dagens Aftenposten knyttet til Irak \/ USA og den siste tids hendelser Amnesty Internationals generalsekret\u00e6r Irene Kahn retter sterk kritikk mot Bush-administrasjonen i forordet til organisasjonens \u00e5rlige rapport. I den anklages USA for \u00e5 undergrave menneskerettighetene i kampen mot internasjonal terrorisme. http:\/\/www.aftenposten.no\/meninger\/leder_morgen\/article796993.ece<\/p>\n","protected":false},"author":1,"featured_media":0,"comment_status":"open","ping_status":"open","sticky":false,"template":"","format":"standard","meta":{"footnotes":""},"categories":[110],"tags":[],"class_list":["post-130","post","type-post","status-publish","format-standard","hentry","category-in-norwegian"],"_links":{"self":[{"href":"https:\/\/hellem.org\/wblog\/index.php?rest_route=\/wp\/v2\/posts\/130","targetHints":{"allow":["GET"]}}],"collection":[{"href":"https:\/\/hellem.org\/wblog\/index.php?rest_route=\/wp\/v2\/posts"}],"about":[{"href":"https:\/\/hellem.org\/wblog\/index.php?rest_route=\/wp\/v2\/types\/post"}],"author":[{"embeddable":true,"href":"https:\/\/hellem.org\/wblog\/index.php?rest_route=\/wp\/v2\/users\/1"}],"replies":[{"embeddable":true,"href":"https:\/\/hellem.org\/wblog\/index.php?rest_route=%2Fwp%2Fv2%2Fcomments&post=130"}],"version-history":[{"count":1,"href":"https:\/\/hellem.org\/wblog\/index.php?rest_route=\/wp\/v2\/posts\/130\/revisions"}],"predecessor-version":[{"id":16657,"href":"https:\/\/hellem.org\/wblog\/index.php?rest_route=\/wp\/v2\/posts\/130\/revisions\/16657"}],"wp:attachment":[{"href":"https:\/\/hellem.org\/wblog\/index.php?rest_route=%2Fwp%2Fv2%2Fmedia&parent=130"}],"wp:term":[{"taxonomy":"category","embeddable":true,"href":"https:\/\/hellem.org\/wblog\/index.php?rest_route=%2Fwp%2Fv2%2Fcategories&post=130"},{"taxonomy":"post_tag","embeddable":true,"href":"https:\/\/hellem.org\/wblog\/index.php?rest_route=%2Fwp%2Fv2%2Ftags&post=130"}],"curies":[{"name":"wp","href":"https:\/\/api.w.org\/{rel}","templated":true}]}}