{"id":1360,"date":"2001-08-21T07:00:41","date_gmt":"2001-08-21T07:00:41","guid":{"rendered":""},"modified":"2026-04-18T23:06:15","modified_gmt":"2026-04-18T23:06:15","slug":"1360","status":"publish","type":"post","link":"https:\/\/hellem.org\/wblog\/?p=1360","title":{"rendered":""},"content":{"rendered":"<p>Gal av lengsel<\/p>\n<p>Gal av lengsel Gal av \u00e5 savne deg Gal av \u00e5 vente og av \u00e5 tenke p\u00e5 deg Jeg blir gal av det \u00e5 tenke p\u00e5 at jeg bare tenker at jeg savner deg<\/p>\n<p>N\u00e5r jeg har en leilighet for meg selv da f\u00e5r jeg alltid yndlingsplassen i hj\u00f8rnet av sofaen hver eneste kveld Jeg kan sitte s\u00e5 lenge jeg vil p\u00e5 dassen Og jeg slipper \u00e5 f\u00e5 h\u00f8re det hvis jeg har glemt \u00e5 lukke kj\u00f8leskapet Uten deg da er det bare meg<\/p>\n<p>Jeg f\u00e5r se akkurat det jeg vil p\u00e5 TV eller spille TV-spill Og jeg m\u00e5 si det er digg \u00e5 varme meg kj\u00f8pepizza uten dine h\u00e5nlige smil Og i klesskapet s\u00e5 kan jeg bare la det v\u00e6re rotete Uten deg da er det bare meg<\/p>\n<p>Refreng<\/p>\n<p>Men jeg holder p\u00e5 \u00e5 bli Gal av lengsel Gal av \u00e5 savne deg Gal av \u00e5 vente og av \u00e5 tenke p\u00e5 deg Jeg blir gal av det \u00e5 tenke p\u00e5 at jeg bare tenker at jeg savner deg Og apropos s\u00e5 h\u00e5per jeg at du tenker at du savner meg<\/p>\n<p>N\u00e5r jeg har fri s\u00e5 kan jeg drite i det at jeg lissom m\u00e5 f\u00e5 noe ut av dagen Og jeg m\u00e5&#8217;kke motsi deg hver dag n\u00e5r du sier du har lagt p\u00e5 deg rundt magen Men jeg kan bare slappe av Ligge p\u00e5 sofaen og si jeg har det bra Uten deg da er det bare meg<\/p>\n<p>Refreng<\/p>\n<p>Ja n\u00e5 er det vel like f\u00f8r at de ringer p\u00e5 og sp\u00f8r om jeg vil bli med dem til et vakkert rolig sted De har hvite frakker p\u00e5 og hvis jeg ikke vil bli med s\u00e5 tar de nok p\u00e5 meg en trang trang tr\u00f8ye f\u00f8r de tar meg med<\/p>\n<p>Refreng<\/p>\n<p>Gal av lengsel, gal av \u00e5 savne, gal av \u00e5 vente og tenke p\u00e5 deg Gal av lengsel, gal av \u00e5 savne, gal av \u00e5 vente og tenke p\u00e5 deg Jeg har f\u00e5tt en stemme inni hodet mitt Det kunne ha blitt et mareritt Men heldigvis er stemmen din Den hvisker fine ting om kroppen min<\/p>\n<p>Refreng <\/p>\n","protected":false},"excerpt":{"rendered":"<p>Gal av lengsel Gal av lengsel Gal av \u00e5 savne deg Gal av \u00e5 vente og av \u00e5 tenke p\u00e5 deg Jeg blir gal av det \u00e5 tenke p\u00e5 at jeg bare tenker at jeg savner deg N\u00e5r jeg har en leilighet for meg selv da f\u00e5r jeg alltid yndlingsplassen i hj\u00f8rnet av sofaen hver [&hellip;]<\/p>\n","protected":false},"author":1,"featured_media":0,"comment_status":"open","ping_status":"open","sticky":false,"template":"","format":"standard","meta":{"footnotes":""},"categories":[110],"tags":[],"class_list":["post-1360","post","type-post","status-publish","format-standard","hentry","category-in-norwegian"],"_links":{"self":[{"href":"https:\/\/hellem.org\/wblog\/index.php?rest_route=\/wp\/v2\/posts\/1360","targetHints":{"allow":["GET"]}}],"collection":[{"href":"https:\/\/hellem.org\/wblog\/index.php?rest_route=\/wp\/v2\/posts"}],"about":[{"href":"https:\/\/hellem.org\/wblog\/index.php?rest_route=\/wp\/v2\/types\/post"}],"author":[{"embeddable":true,"href":"https:\/\/hellem.org\/wblog\/index.php?rest_route=\/wp\/v2\/users\/1"}],"replies":[{"embeddable":true,"href":"https:\/\/hellem.org\/wblog\/index.php?rest_route=%2Fwp%2Fv2%2Fcomments&post=1360"}],"version-history":[{"count":1,"href":"https:\/\/hellem.org\/wblog\/index.php?rest_route=\/wp\/v2\/posts\/1360\/revisions"}],"predecessor-version":[{"id":17383,"href":"https:\/\/hellem.org\/wblog\/index.php?rest_route=\/wp\/v2\/posts\/1360\/revisions\/17383"}],"wp:attachment":[{"href":"https:\/\/hellem.org\/wblog\/index.php?rest_route=%2Fwp%2Fv2%2Fmedia&parent=1360"}],"wp:term":[{"taxonomy":"category","embeddable":true,"href":"https:\/\/hellem.org\/wblog\/index.php?rest_route=%2Fwp%2Fv2%2Fcategories&post=1360"},{"taxonomy":"post_tag","embeddable":true,"href":"https:\/\/hellem.org\/wblog\/index.php?rest_route=%2Fwp%2Fv2%2Ftags&post=1360"}],"curies":[{"name":"wp","href":"https:\/\/api.w.org\/{rel}","templated":true}]}}