{"id":1375,"date":"2001-06-20T07:10:12","date_gmt":"2001-06-20T07:10:12","guid":{"rendered":""},"modified":"2026-04-18T23:06:19","modified_gmt":"2026-04-18T23:06:19","slug":"1375","status":"publish","type":"post","link":"https:\/\/hellem.org\/wblog\/?p=1375","title":{"rendered":""},"content":{"rendered":"<p>Fra VG&#8217;s nettside:<\/p>\n<blockquote><p>\nKjendis-nei til Carew-fest<\/p>\n<p>(VG Nett) N\u00e5r John Carew trommer sammen til \u00e5rets kjendisfest i Oslo torsdag, m\u00e5 han belage seg p\u00e5 at mange av de st\u00f8rste navnene ikke dukker opp. Mia Gundersen (bildet) kommer ikke.\n<\/p><\/blockquote>\n<p>\u00c5, herregud &#8211; nei da blir det nok INGEN fest nei, for MIA GUNDERSEN kommer ikke, men hu slitsomme Elisa R\u00f8tterud kommer. Fan ta henne!!! Selv om dama har v\u00e6rt med i et d\u00e5rlig tv-program s\u00e5 betyr ikke det at jeg p\u00e5 d\u00f8d og liv vil fortsette \u00e5 se henne i avisene og p\u00e5 tv&#8230;hu er hva hu er&#8230;ikke \u00e5-kjendis en gang&#8230;eller jo kanskje &#8211; litt mer s\u00e5nn &#8220;\u00e5hhh &#8211; herregud &#8211; enda en kjendis&#8221;-kjendis!!<\/p>\n<p>http:\/\/www.vg.no\/pub\/vgart.hbs?artid=8652818<\/p>\n","protected":false},"excerpt":{"rendered":"<p>Fra VG&#8217;s nettside: Kjendis-nei til Carew-fest (VG Nett) N\u00e5r John Carew trommer sammen til \u00e5rets kjendisfest i Oslo torsdag, m\u00e5 han belage seg p\u00e5 at mange av de st\u00f8rste navnene ikke dukker opp. Mia Gundersen (bildet) kommer ikke. \u00c5, herregud &#8211; nei da blir det nok INGEN fest nei, for MIA GUNDERSEN kommer ikke, men [&hellip;]<\/p>\n","protected":false},"author":1,"featured_media":0,"comment_status":"open","ping_status":"open","sticky":false,"template":"","format":"standard","meta":{"footnotes":""},"categories":[110],"tags":[],"class_list":["post-1375","post","type-post","status-publish","format-standard","hentry","category-in-norwegian"],"_links":{"self":[{"href":"https:\/\/hellem.org\/wblog\/index.php?rest_route=\/wp\/v2\/posts\/1375","targetHints":{"allow":["GET"]}}],"collection":[{"href":"https:\/\/hellem.org\/wblog\/index.php?rest_route=\/wp\/v2\/posts"}],"about":[{"href":"https:\/\/hellem.org\/wblog\/index.php?rest_route=\/wp\/v2\/types\/post"}],"author":[{"embeddable":true,"href":"https:\/\/hellem.org\/wblog\/index.php?rest_route=\/wp\/v2\/users\/1"}],"replies":[{"embeddable":true,"href":"https:\/\/hellem.org\/wblog\/index.php?rest_route=%2Fwp%2Fv2%2Fcomments&post=1375"}],"version-history":[{"count":1,"href":"https:\/\/hellem.org\/wblog\/index.php?rest_route=\/wp\/v2\/posts\/1375\/revisions"}],"predecessor-version":[{"id":17399,"href":"https:\/\/hellem.org\/wblog\/index.php?rest_route=\/wp\/v2\/posts\/1375\/revisions\/17399"}],"wp:attachment":[{"href":"https:\/\/hellem.org\/wblog\/index.php?rest_route=%2Fwp%2Fv2%2Fmedia&parent=1375"}],"wp:term":[{"taxonomy":"category","embeddable":true,"href":"https:\/\/hellem.org\/wblog\/index.php?rest_route=%2Fwp%2Fv2%2Fcategories&post=1375"},{"taxonomy":"post_tag","embeddable":true,"href":"https:\/\/hellem.org\/wblog\/index.php?rest_route=%2Fwp%2Fv2%2Ftags&post=1375"}],"curies":[{"name":"wp","href":"https:\/\/api.w.org\/{rel}","templated":true}]}}