{"id":1426,"date":"2000-12-28T07:44:06","date_gmt":"2000-12-28T07:44:06","guid":{"rendered":""},"modified":"2026-04-18T23:06:32","modified_gmt":"2026-04-18T23:06:32","slug":"1426","status":"publish","type":"post","link":"https:\/\/hellem.org\/wblog\/?p=1426","title":{"rendered":""},"content":{"rendered":"<p>Jan Simonsen forsvarer at han har l\u00e5nt bort Stortingsmobilen sin ved \u00e5 uttale f\u00f8lgende:<\/p>\n<p>&#8220;Han sier at en av \u00e5rsakene til at han l\u00e5ner bort telefonen, er at han ikke skj\u00f8nner hvordan man leser av beskjeder p\u00e5 mobiltelefonen.&#8221;<\/p>\n<p>Da kunne han vel heller ha tatt seg tid til \u00e5 l\u00e6re det, for hvis han som stortingsrepresentant ikke er i stand til \u00e5 l\u00e6re seg det, s\u00e5 b\u00f8r han heller se seg om etter noe annet \u00e5 gj\u00f8re, mener n\u00e5 jeg da!<\/p>\n<p>http:\/\/www.vg.no\/pub\/vgart.hbs?artid=6272281<\/p>\n","protected":false},"excerpt":{"rendered":"<p>Jan Simonsen forsvarer at han har l\u00e5nt bort Stortingsmobilen sin ved \u00e5 uttale f\u00f8lgende: &#8220;Han sier at en av \u00e5rsakene til at han l\u00e5ner bort telefonen, er at han ikke skj\u00f8nner hvordan man leser av beskjeder p\u00e5 mobiltelefonen.&#8221; Da kunne han vel heller ha tatt seg tid til \u00e5 l\u00e6re det, for hvis han som [&hellip;]<\/p>\n","protected":false},"author":1,"featured_media":0,"comment_status":"open","ping_status":"open","sticky":false,"template":"","format":"standard","meta":{"footnotes":""},"categories":[110],"tags":[],"class_list":["post-1426","post","type-post","status-publish","format-standard","hentry","category-in-norwegian"],"_links":{"self":[{"href":"https:\/\/hellem.org\/wblog\/index.php?rest_route=\/wp\/v2\/posts\/1426","targetHints":{"allow":["GET"]}}],"collection":[{"href":"https:\/\/hellem.org\/wblog\/index.php?rest_route=\/wp\/v2\/posts"}],"about":[{"href":"https:\/\/hellem.org\/wblog\/index.php?rest_route=\/wp\/v2\/types\/post"}],"author":[{"embeddable":true,"href":"https:\/\/hellem.org\/wblog\/index.php?rest_route=\/wp\/v2\/users\/1"}],"replies":[{"embeddable":true,"href":"https:\/\/hellem.org\/wblog\/index.php?rest_route=%2Fwp%2Fv2%2Fcomments&post=1426"}],"version-history":[{"count":1,"href":"https:\/\/hellem.org\/wblog\/index.php?rest_route=\/wp\/v2\/posts\/1426\/revisions"}],"predecessor-version":[{"id":17450,"href":"https:\/\/hellem.org\/wblog\/index.php?rest_route=\/wp\/v2\/posts\/1426\/revisions\/17450"}],"wp:attachment":[{"href":"https:\/\/hellem.org\/wblog\/index.php?rest_route=%2Fwp%2Fv2%2Fmedia&parent=1426"}],"wp:term":[{"taxonomy":"category","embeddable":true,"href":"https:\/\/hellem.org\/wblog\/index.php?rest_route=%2Fwp%2Fv2%2Fcategories&post=1426"},{"taxonomy":"post_tag","embeddable":true,"href":"https:\/\/hellem.org\/wblog\/index.php?rest_route=%2Fwp%2Fv2%2Ftags&post=1426"}],"curies":[{"name":"wp","href":"https:\/\/api.w.org\/{rel}","templated":true}]}}