{"id":1564,"date":"2006-05-08T20:17:45","date_gmt":"2006-05-08T20:17:45","guid":{"rendered":""},"modified":"2026-04-18T23:00:43","modified_gmt":"2026-04-18T23:00:43","slug":"a-quote-from-a-magasinet","status":"publish","type":"post","link":"https:\/\/hellem.org\/wblog\/?p=1564","title":{"rendered":"A quote from A-Magasinet"},"content":{"rendered":"<p>In Norwegian<\/p>\n<blockquote><p><strong>-Du skriver at folk i 30-\u00e5rene er en generasjon arbeidsnarkomane med dagdrivermentalitet. Er det fordi vi vil forene uforenelige ting, at livene v\u00e5re ikke g\u00e5r opp?<\/strong><br \/>\n&#8211; Ja, jeg tror det er litt derfor. Vi er en generasjon som har identiteten v\u00e5r sterkt knyttet opp til jobben, samtidig som vi jobber mindre og mindre overtid. For \u00e5 f\u00e5 det bra i dag, m\u00e5 man godta at hastigheten er en god ting i seg selv. G\u00e5r en og venter \u00e5 finne roen, kan det ta lang tid. <\/p><\/blockquote>\n<p>Can&#8217;t remember who was interviewed, but is was a Norwegian writer in this weekends A-Magasinet at least, and the journalist was named Tonje Egedius.<\/p>\n","protected":false},"excerpt":{"rendered":"<p>In Norwegian -Du skriver at folk i 30-\u00e5rene er en generasjon arbeidsnarkomane med dagdrivermentalitet. Er det fordi vi vil forene uforenelige ting, at livene v\u00e5re ikke g\u00e5r opp? &#8211; Ja, jeg tror det er litt derfor. Vi er en generasjon som har identiteten v\u00e5r sterkt knyttet opp til jobben, samtidig som vi jobber mindre og [&hellip;]<\/p>\n","protected":false},"author":1,"featured_media":0,"comment_status":"open","ping_status":"open","sticky":false,"template":"","format":"standard","meta":{"footnotes":""},"categories":[18],"tags":[],"class_list":["post-1564","post","type-post","status-publish","format-standard","hentry","category-c18"],"_links":{"self":[{"href":"https:\/\/hellem.org\/wblog\/index.php?rest_route=\/wp\/v2\/posts\/1564","targetHints":{"allow":["GET"]}}],"collection":[{"href":"https:\/\/hellem.org\/wblog\/index.php?rest_route=\/wp\/v2\/posts"}],"about":[{"href":"https:\/\/hellem.org\/wblog\/index.php?rest_route=\/wp\/v2\/types\/post"}],"author":[{"embeddable":true,"href":"https:\/\/hellem.org\/wblog\/index.php?rest_route=\/wp\/v2\/users\/1"}],"replies":[{"embeddable":true,"href":"https:\/\/hellem.org\/wblog\/index.php?rest_route=%2Fwp%2Fv2%2Fcomments&post=1564"}],"version-history":[{"count":1,"href":"https:\/\/hellem.org\/wblog\/index.php?rest_route=\/wp\/v2\/posts\/1564\/revisions"}],"predecessor-version":[{"id":16022,"href":"https:\/\/hellem.org\/wblog\/index.php?rest_route=\/wp\/v2\/posts\/1564\/revisions\/16022"}],"wp:attachment":[{"href":"https:\/\/hellem.org\/wblog\/index.php?rest_route=%2Fwp%2Fv2%2Fmedia&parent=1564"}],"wp:term":[{"taxonomy":"category","embeddable":true,"href":"https:\/\/hellem.org\/wblog\/index.php?rest_route=%2Fwp%2Fv2%2Fcategories&post=1564"},{"taxonomy":"post_tag","embeddable":true,"href":"https:\/\/hellem.org\/wblog\/index.php?rest_route=%2Fwp%2Fv2%2Ftags&post=1564"}],"curies":[{"name":"wp","href":"https:\/\/api.w.org\/{rel}","templated":true}]}}