{"id":1576,"date":"2006-05-23T18:34:23","date_gmt":"2006-05-23T18:34:23","guid":{"rendered":""},"modified":"2026-04-18T23:00:40","modified_gmt":"2026-04-18T23:00:40","slug":"e-norge-and-open-standards","status":"publish","type":"post","link":"https:\/\/hellem.org\/wblog\/?p=1576","title":{"rendered":"E-Norge and Open Standards"},"content":{"rendered":"<p>From a mail I got here the other day<\/p>\n<blockquote>\n<p>Hei<\/p>\n<p>Jeg er lei meg for at det har g\u00e5tt s\u00e5 lang tid f\u00f8r du har f\u00e5tt svar fra oss.<\/p>\n<p>Sp\u00f8rsm\u00e5let om bruk av \u00e5pne IT-standarder er noe vi arbeider intenst med her i departementet om dagen. Som du har sett av rapporten fra i fjor (og h\u00f8ringssvarene) s\u00e5 har det v\u00e6rt stor interesse omkring dette. Det er mange statsetater og kommuner som er opptatt av om det kommer f\u00f8ringer og krav som vil koste penger. Mange utenfor offentlig sektor blir ogs\u00e5 ber\u00f8rt. Derfor m\u00e5 vi passe p\u00e5 \u00e5 vinne forst\u00e5else for saken i relevante milj\u00f8er og legge til rette for gode analyse- og beslutningsprosesser som instansene kan ha tillit til. Med andre ord er det et betydelig forankringsarbeid som m\u00e5 gj\u00f8res. Regjeringen har behandlet saken, se pressemeldingen fra 7. april:<br \/>\nhttp:\/\/odin.dep.no\/fad\/norsk\/aktuelt\/pressesenter\/pressem\/071001-070013\/dok-bn.html<\/p>\n<p>Neste steg er, som det fremg\u00e5r av pressemeldingen, \u00e5 etablere et eget standardiseringsr\u00e5d som kan utarbeide anbefalinger p\u00e5 konkrete problemstillinger. Jeg regner med at du vil se flere nyheter om dette i l\u00f8pet av sommeren\/h\u00f8sten, men jeg kan ikke v\u00e6re mer konkret akkurat n\u00e5. Etterhvert som vi f\u00e5r dette apparatet til \u00e5 &#8220;rulle&#8221; vil vi ganske sikkert legge opp et nettsted hvor alle interesserte kan f\u00f8lge med p\u00e5 det som skjer ang\u00e5ende IT-standarder i det offentlige.<\/p>\n<p>Takk for interessen!<\/p>\n<p>mvh<br \/>\nHenrik Linnestad<br \/>\nIT-politisk avd<br \/>\nFAD<\/p>\n<\/blockquote>\n","protected":false},"excerpt":{"rendered":"<p>From a mail I got here the other day Hei Jeg er lei meg for at det har g\u00e5tt s\u00e5 lang tid f\u00f8r du har f\u00e5tt svar fra oss. Sp\u00f8rsm\u00e5let om bruk av \u00e5pne IT-standarder er noe vi arbeider intenst med her i departementet om dagen. Som du har sett av rapporten fra i fjor [&hellip;]<\/p>\n","protected":false},"author":1,"featured_media":0,"comment_status":"open","ping_status":"open","sticky":false,"template":"","format":"standard","meta":{"footnotes":""},"categories":[18],"tags":[],"class_list":["post-1576","post","type-post","status-publish","format-standard","hentry","category-c18"],"_links":{"self":[{"href":"https:\/\/hellem.org\/wblog\/index.php?rest_route=\/wp\/v2\/posts\/1576","targetHints":{"allow":["GET"]}}],"collection":[{"href":"https:\/\/hellem.org\/wblog\/index.php?rest_route=\/wp\/v2\/posts"}],"about":[{"href":"https:\/\/hellem.org\/wblog\/index.php?rest_route=\/wp\/v2\/types\/post"}],"author":[{"embeddable":true,"href":"https:\/\/hellem.org\/wblog\/index.php?rest_route=\/wp\/v2\/users\/1"}],"replies":[{"embeddable":true,"href":"https:\/\/hellem.org\/wblog\/index.php?rest_route=%2Fwp%2Fv2%2Fcomments&post=1576"}],"version-history":[{"count":1,"href":"https:\/\/hellem.org\/wblog\/index.php?rest_route=\/wp\/v2\/posts\/1576\/revisions"}],"predecessor-version":[{"id":16010,"href":"https:\/\/hellem.org\/wblog\/index.php?rest_route=\/wp\/v2\/posts\/1576\/revisions\/16010"}],"wp:attachment":[{"href":"https:\/\/hellem.org\/wblog\/index.php?rest_route=%2Fwp%2Fv2%2Fmedia&parent=1576"}],"wp:term":[{"taxonomy":"category","embeddable":true,"href":"https:\/\/hellem.org\/wblog\/index.php?rest_route=%2Fwp%2Fv2%2Fcategories&post=1576"},{"taxonomy":"post_tag","embeddable":true,"href":"https:\/\/hellem.org\/wblog\/index.php?rest_route=%2Fwp%2Fv2%2Ftags&post=1576"}],"curies":[{"name":"wp","href":"https:\/\/api.w.org\/{rel}","templated":true}]}}