{"id":1699,"date":"2006-10-09T20:27:00","date_gmt":"2006-10-09T20:27:00","guid":{"rendered":""},"modified":"2026-04-18T23:00:11","modified_gmt":"2026-04-18T23:00:11","slug":"garnisonen-i-porsanger-stavanger","status":"publish","type":"post","link":"https:\/\/hellem.org\/wblog\/?p=1699","title":{"rendered":"Garnisonen i Porsanger \/ Stavanger??"},"content":{"rendered":"<blockquote><p> FREDSSLUTNING:  Karasjok-ordf\u00f8rer Kjell S\u00e6ther og generall\u00f8ytnant Ab van Baal p\u00e5 &#8220;fredsm\u00f8tet&#8221; ved garnisonen av Stavanger, omkranset av nederlandske milit\u00e6re ledere og major Kjell Hanssen ved garnisonen<\/p><\/blockquote>\n<p>Close but no sigar http:\/\/www.dagbladet.no\/nyheter\/2006\/10\/09\/479230.html<\/p>\n<p>&#8220;Garnisonen i Porsanger&#8221;<\/p>\n<p>10.10 &#8211; it&#8217;s corrected now \ud83d\ude00<\/p>\n","protected":false},"excerpt":{"rendered":"<p>FREDSSLUTNING: Karasjok-ordf\u00f8rer Kjell S\u00e6ther og generall\u00f8ytnant Ab van Baal p\u00e5 &#8220;fredsm\u00f8tet&#8221; ved garnisonen av Stavanger, omkranset av nederlandske milit\u00e6re ledere og major Kjell Hanssen ved garnisonen Close but no sigar http:\/\/www.dagbladet.no\/nyheter\/2006\/10\/09\/479230.html &#8220;Garnisonen i Porsanger&#8221; 10.10 &#8211; it&#8217;s corrected now \ud83d\ude00<\/p>\n","protected":false},"author":1,"featured_media":0,"comment_status":"open","ping_status":"open","sticky":false,"template":"","format":"standard","meta":{"footnotes":""},"categories":[18],"tags":[],"class_list":["post-1699","post","type-post","status-publish","format-standard","hentry","category-c18"],"_links":{"self":[{"href":"https:\/\/hellem.org\/wblog\/index.php?rest_route=\/wp\/v2\/posts\/1699","targetHints":{"allow":["GET"]}}],"collection":[{"href":"https:\/\/hellem.org\/wblog\/index.php?rest_route=\/wp\/v2\/posts"}],"about":[{"href":"https:\/\/hellem.org\/wblog\/index.php?rest_route=\/wp\/v2\/types\/post"}],"author":[{"embeddable":true,"href":"https:\/\/hellem.org\/wblog\/index.php?rest_route=\/wp\/v2\/users\/1"}],"replies":[{"embeddable":true,"href":"https:\/\/hellem.org\/wblog\/index.php?rest_route=%2Fwp%2Fv2%2Fcomments&post=1699"}],"version-history":[{"count":1,"href":"https:\/\/hellem.org\/wblog\/index.php?rest_route=\/wp\/v2\/posts\/1699\/revisions"}],"predecessor-version":[{"id":15889,"href":"https:\/\/hellem.org\/wblog\/index.php?rest_route=\/wp\/v2\/posts\/1699\/revisions\/15889"}],"wp:attachment":[{"href":"https:\/\/hellem.org\/wblog\/index.php?rest_route=%2Fwp%2Fv2%2Fmedia&parent=1699"}],"wp:term":[{"taxonomy":"category","embeddable":true,"href":"https:\/\/hellem.org\/wblog\/index.php?rest_route=%2Fwp%2Fv2%2Fcategories&post=1699"},{"taxonomy":"post_tag","embeddable":true,"href":"https:\/\/hellem.org\/wblog\/index.php?rest_route=%2Fwp%2Fv2%2Ftags&post=1699"}],"curies":[{"name":"wp","href":"https:\/\/api.w.org\/{rel}","templated":true}]}}