
{"id":17666,"date":"2026-04-30T10:37:00","date_gmt":"2026-04-30T10:37:00","guid":{"rendered":"https:\/\/hellem.org\/wblog\/?p=17666"},"modified":"2026-04-30T10:38:01","modified_gmt":"2026-04-30T10:38:01","slug":"hallevagen-historisk-vandrerute","status":"publish","type":"post","link":"https:\/\/hellem.org\/wblog\/?p=17666","title":{"rendered":"Hallev\u00e4gen \u2014 Historisk\u00a0vandrerute"},"content":{"rendered":"\n<p>I p\u00e5sken s\u00e5 gikk Vigids og jeg Hallev\u00e4gen, med start ikke s\u00e5 langt unna Ed i Sverige, via DNT Budalsvika og DNT Ertekroken ned til Halden. Flott tre-dagerstur i litt varierende og kaldt v\u00e6r. Les mer om turen her <a href=\"https:\/\/ut.no\/turforslag\/1112158958\/hallevagen-historisk-vandrerute\">https:\/\/ut.no\/turforslag\/1112158958\/hallevagen-historisk-vandrerute<\/a><\/p>\n\n\n\n<p>Her fra dag 2 hvor vi gikk fra Budalsvika til Ertekroken<\/p>\n\n\n\n<figure class=\"wp-block-image size-large\"><img decoding=\"async\" src=\"https:\/\/hellem.org\/pic\/blogs\/new\/2026\/04\/03042026_collage.jpg\" alt=\"\"\/><\/figure>\n\n\n\n<p>Siste dag fra Ertekroken til Halden i flott v\u00e6r og \u00e5rets f\u00f8rste utepils p\u00e5 torget i Halden<\/p>\n\n\n\n<figure class=\"wp-block-image size-large\"><img decoding=\"async\" src=\"https:\/\/hellem.org\/pic\/blogs\/new\/2026\/04\/04042026_collage.jpg\" alt=\"\"\/><\/figure>\n","protected":false},"excerpt":{"rendered":"<p>I p\u00e5sken s\u00e5 gikk Vigids og jeg Hallev\u00e4gen, med start ikke s\u00e5 langt unna Ed i Sverige, via DNT Budalsvika og DNT Ertekroken ned til Halden. Flott tre-dagerstur i litt varierende og kaldt v\u00e6r. Les mer om turen her https:\/\/ut.no\/turforslag\/1112158958\/hallevagen-historisk-vandrerute Her fra dag 2 hvor vi gikk fra Budalsvika til Ertekroken Siste dag fra Ertekroken [&hellip;]<\/p>\n","protected":false},"author":1,"featured_media":0,"comment_status":"open","ping_status":"open","sticky":false,"template":"","format":"standard","meta":{"footnotes":""},"categories":[110],"tags":[],"class_list":["post-17666","post","type-post","status-publish","format-standard","hentry","category-in-norwegian"],"_links":{"self":[{"href":"https:\/\/hellem.org\/wblog\/index.php?rest_route=\/wp\/v2\/posts\/17666","targetHints":{"allow":["GET"]}}],"collection":[{"href":"https:\/\/hellem.org\/wblog\/index.php?rest_route=\/wp\/v2\/posts"}],"about":[{"href":"https:\/\/hellem.org\/wblog\/index.php?rest_route=\/wp\/v2\/types\/post"}],"author":[{"embeddable":true,"href":"https:\/\/hellem.org\/wblog\/index.php?rest_route=\/wp\/v2\/users\/1"}],"replies":[{"embeddable":true,"href":"https:\/\/hellem.org\/wblog\/index.php?rest_route=%2Fwp%2Fv2%2Fcomments&post=17666"}],"version-history":[{"count":4,"href":"https:\/\/hellem.org\/wblog\/index.php?rest_route=\/wp\/v2\/posts\/17666\/revisions"}],"predecessor-version":[{"id":17670,"href":"https:\/\/hellem.org\/wblog\/index.php?rest_route=\/wp\/v2\/posts\/17666\/revisions\/17670"}],"wp:attachment":[{"href":"https:\/\/hellem.org\/wblog\/index.php?rest_route=%2Fwp%2Fv2%2Fmedia&parent=17666"}],"wp:term":[{"taxonomy":"category","embeddable":true,"href":"https:\/\/hellem.org\/wblog\/index.php?rest_route=%2Fwp%2Fv2%2Fcategories&post=17666"},{"taxonomy":"post_tag","embeddable":true,"href":"https:\/\/hellem.org\/wblog\/index.php?rest_route=%2Fwp%2Fv2%2Ftags&post=17666"}],"curies":[{"name":"wp","href":"https:\/\/api.w.org\/{rel}","templated":true}]}}