
{"id":17792,"date":"2026-01-28T12:39:00","date_gmt":"2026-01-28T12:39:00","guid":{"rendered":"https:\/\/hellem.org\/wblog\/?p=17792"},"modified":"2026-05-03T12:42:05","modified_gmt":"2026-05-03T12:42:05","slug":"jobbtur-til-bergen-pa-topps-til-ulriken","status":"publish","type":"post","link":"https:\/\/hellem.org\/wblog\/?p=17792","title":{"rendered":"Jobbtur til Bergen, p\u00e5 topps til Ulriken"},"content":{"rendered":"\n<p>F\u00f8rste gang i Bergen med jobben, etter vel 15 \u00e5r i KLP og kontoret har v\u00e6rt der hele tiden, n\u00e5 f\u00f8rst fant jeg en \u00e5pning for \u00e5 ta turen dit. Brukte ettermiddagen sammen med August, vi tok turen opp til Ulriken.<\/p>\n\n\n\n<figure class=\"wp-block-image size-large\"><img decoding=\"async\" src=\"https:\/\/hellem.org\/pic\/2026\/01\/28012026_collage.webp\" alt=\"\"\/><\/figure>\n","protected":false},"excerpt":{"rendered":"<p>F\u00f8rste gang i Bergen med jobben, etter vel 15 \u00e5r i KLP og kontoret har v\u00e6rt der hele tiden, n\u00e5 f\u00f8rst fant jeg en \u00e5pning for \u00e5 ta turen dit. Brukte ettermiddagen sammen med August, vi tok turen opp til Ulriken.<\/p>\n","protected":false},"author":1,"featured_media":0,"comment_status":"open","ping_status":"closed","sticky":false,"template":"","format":"standard","meta":{"footnotes":""},"categories":[18],"tags":[],"class_list":["post-17792","post","type-post","status-publish","format-standard","hentry","category-c18"],"_links":{"self":[{"href":"https:\/\/hellem.org\/wblog\/index.php?rest_route=\/wp\/v2\/posts\/17792","targetHints":{"allow":["GET"]}}],"collection":[{"href":"https:\/\/hellem.org\/wblog\/index.php?rest_route=\/wp\/v2\/posts"}],"about":[{"href":"https:\/\/hellem.org\/wblog\/index.php?rest_route=\/wp\/v2\/types\/post"}],"author":[{"embeddable":true,"href":"https:\/\/hellem.org\/wblog\/index.php?rest_route=\/wp\/v2\/users\/1"}],"replies":[{"embeddable":true,"href":"https:\/\/hellem.org\/wblog\/index.php?rest_route=%2Fwp%2Fv2%2Fcomments&post=17792"}],"version-history":[{"count":2,"href":"https:\/\/hellem.org\/wblog\/index.php?rest_route=\/wp\/v2\/posts\/17792\/revisions"}],"predecessor-version":[{"id":17794,"href":"https:\/\/hellem.org\/wblog\/index.php?rest_route=\/wp\/v2\/posts\/17792\/revisions\/17794"}],"wp:attachment":[{"href":"https:\/\/hellem.org\/wblog\/index.php?rest_route=%2Fwp%2Fv2%2Fmedia&parent=17792"}],"wp:term":[{"taxonomy":"category","embeddable":true,"href":"https:\/\/hellem.org\/wblog\/index.php?rest_route=%2Fwp%2Fv2%2Fcategories&post=17792"},{"taxonomy":"post_tag","embeddable":true,"href":"https:\/\/hellem.org\/wblog\/index.php?rest_route=%2Fwp%2Fv2%2Ftags&post=17792"}],"curies":[{"name":"wp","href":"https:\/\/api.w.org\/{rel}","templated":true}]}}