{"id":2571,"date":"2009-01-01T16:41:05","date_gmt":"2009-01-01T16:41:05","guid":{"rendered":""},"modified":"2026-04-18T22:56:45","modified_gmt":"2026-04-18T22:56:45","slug":"funny-in-norwegian","status":"publish","type":"post","link":"https:\/\/hellem.org\/wblog\/?p=2571","title":{"rendered":"Funny &#8211; In Norwegian"},"content":{"rendered":"<p>If you don&#8217;t want to read, listen here in Norwegian http:\/\/www.youtube.com\/watch?v=JsgbhjsOig0<\/p>\n<blockquote><p>&#8220;\u00c6 trudde jo \u00e6 hadde h\u00f8rt og sedd det meste fra fanatiske, revolusjon\u00e6re fjellfinna, men \u00e5 nei! Tullingan gir s\u00e6 ikke.<\/p>\n<p>I avisa forleden dag st\u00e5r han Ole Henrik Magga frem og lire av s\u00e6 f\u00f8lgende: Samene har krav p\u00e5 s\u00e6rbehandling i f\u00f8lge folkeretten. Den nye Finnmarksloven er et forr\u00e6deri mot den samiske befolkninga. Alt vi har investert i v\u00e5rt politiske virke frem til i dag, er forgjeves&#8230;<\/p>\n<p>Forr\u00e6deri mot saman??? Unnskyld m\u00e6 Magga, men ka i sinnsyke mongoloide satan slags f\u00f8rpliktelsa har den norske stat n\u00e5n gang hadd for \u00e5 gje d\u00e5kker s\u00e6rbehandling!? E du fette idiot? D\u00e5kker h\u00e6rje tulling oppe p\u00e5 Finnmarksvidda som n\u00e5n j\u00e6vla cowboya og har rasert utmarka uforstyrra i fylla i alle \u00e5r, helt siden d\u00e5kker fikk ERSTATNING nok tell \u00e5 kj\u00f8pe d\u00e5kkers f\u00f8rste scootera, firehjulinga og helikopter. Det har fan ikke v\u00e6rt en same i B\u00e5tsfjord siden middelaldern, og allikav\u00e6l skal d\u00e5kker eie bl\u00e5b\u00e6ra i hagen min? Du vil ikke v\u00e6re s\u00e5 v\u00e6nnlig \u00e5 hente tellfart og sykle vannr\u00e6tt inn i h\u00e6lvette?<\/p>\n<p>Det politiske arbeidet forgjeves? Ka i satan hadde d\u00e5kker venta? Trudde d\u00e5kker virkelig i de lavpanna skoiltan d\u00e5kkers at det va bare \u00e5 spasere r\u00e6tt inn i norsk politikk og bynne \u00e5 best\u00e6mme? D\u00e5kker fikk 130 milliona f\u00f8rr \u00e5 bygge lekestua i Karasjok, med \u00e5rntlige m\u00f8bla og b\u00f8ker p\u00e5 samisk, men det va ikke godt nok? M\u00e5 jo ha land ogs\u00e5 &#8211; like stort som Danmark. Mye vil ha mer. Kreve, kreve, kreve! Fy fan, \u00e6 spyr.<\/p>\n<p>Hadde det v\u00e6rt opp tell m\u00e6 s\u00e5 sku d\u00e5kker ha f\u00e5dd det d\u00e5kker ber om: Et ti meter h\u00f8yt h\u00f8yspentgj\u00e6rde rundt Kautokeino, Karasjok, Porsanger og \u00f8vre Tana. All statsst\u00f8tte blei kutta, alle sosiale goda inndratt. Der inne va d\u00e5kker herre i eget land, og kunne drikke, innavle, skj\u00e6re av hverandre hauet, lage samiske f\u00e6ngsel, samiske p\u00e6nga, samiske klovnekostyma, samisk joike-GrandPrix, og ete reinkj\u00f8tt tell det vaks ut klauva og horn. Men da ville \u00e6 ikke h\u00f8re et pip fra hv\u00e6rken han Magga, han Nyst\u00f8, han Trosten eller n\u00e5n av de andre degenererte, evneveike, utakkn\u00e6mlige gn\u00e5lkukan der inne frem tell d\u00e5kker svalt ihj\u00e6l. F\u00f8rr husk p\u00e5 kem som holde liv i d\u00e5kker, forbainna samfunnssnyltera!<\/p>\n<p>Dra til h\u00e6lvette! <\/p><\/blockquote>\n","protected":false},"excerpt":{"rendered":"<p>If you don&#8217;t want to read, listen here in Norwegian http:\/\/www.youtube.com\/watch?v=JsgbhjsOig0 &#8220;\u00c6 trudde jo \u00e6 hadde h\u00f8rt og sedd det meste fra fanatiske, revolusjon\u00e6re fjellfinna, men \u00e5 nei! Tullingan gir s\u00e6 ikke. I avisa forleden dag st\u00e5r han Ole Henrik Magga frem og lire av s\u00e6 f\u00f8lgende: Samene har krav p\u00e5 s\u00e6rbehandling i f\u00f8lge folkeretten. [&hellip;]<\/p>\n","protected":false},"author":1,"featured_media":0,"comment_status":"open","ping_status":"open","sticky":false,"template":"","format":"standard","meta":{"footnotes":""},"categories":[18],"tags":[],"class_list":["post-2571","post","type-post","status-publish","format-standard","hentry","category-c18"],"_links":{"self":[{"href":"https:\/\/hellem.org\/wblog\/index.php?rest_route=\/wp\/v2\/posts\/2571","targetHints":{"allow":["GET"]}}],"collection":[{"href":"https:\/\/hellem.org\/wblog\/index.php?rest_route=\/wp\/v2\/posts"}],"about":[{"href":"https:\/\/hellem.org\/wblog\/index.php?rest_route=\/wp\/v2\/types\/post"}],"author":[{"embeddable":true,"href":"https:\/\/hellem.org\/wblog\/index.php?rest_route=\/wp\/v2\/users\/1"}],"replies":[{"embeddable":true,"href":"https:\/\/hellem.org\/wblog\/index.php?rest_route=%2Fwp%2Fv2%2Fcomments&post=2571"}],"version-history":[{"count":1,"href":"https:\/\/hellem.org\/wblog\/index.php?rest_route=\/wp\/v2\/posts\/2571\/revisions"}],"predecessor-version":[{"id":15032,"href":"https:\/\/hellem.org\/wblog\/index.php?rest_route=\/wp\/v2\/posts\/2571\/revisions\/15032"}],"wp:attachment":[{"href":"https:\/\/hellem.org\/wblog\/index.php?rest_route=%2Fwp%2Fv2%2Fmedia&parent=2571"}],"wp:term":[{"taxonomy":"category","embeddable":true,"href":"https:\/\/hellem.org\/wblog\/index.php?rest_route=%2Fwp%2Fv2%2Fcategories&post=2571"},{"taxonomy":"post_tag","embeddable":true,"href":"https:\/\/hellem.org\/wblog\/index.php?rest_route=%2Fwp%2Fv2%2Ftags&post=2571"}],"curies":[{"name":"wp","href":"https:\/\/api.w.org\/{rel}","templated":true}]}}