{"id":373,"date":"2005-02-02T15:02:32","date_gmt":"2005-02-02T15:02:32","guid":{"rendered":""},"modified":"2026-04-18T23:02:26","modified_gmt":"2026-04-18T23:02:26","slug":"they-know-where-fabian-is-kept","status":"publish","type":"post","link":"https:\/\/hellem.org\/wblog\/?p=373","title":{"rendered":"They know where Fabian is kept"},"content":{"rendered":"<blockquote><p>Nytt sp\u00e5r: Fabian f\u00e5nge i Kungsbacka<br \/>\nG\u00d6TEBORG. Polisen vet exakt var Fabian Bengtssons mobiltelefon varit efter f\u00f6rsvinnandet.<br \/>\nDen har kopplats upp via en mobilmast i byn Lerb\u00e4ck \u00f6ster om Fj\u00e4r\u00e5s.<br \/>\nI natt fanns misstankar om att Sibadirekt\u00f6ren h\u00e5lls f\u00e5ngen i Kungsbacka kommun <a href=\"http:\/\/expressen.se\/index.jsp?a=236401\">http:\/\/expressen.se\/index.jsp?a=236401<\/a><\/p><\/blockquote>\n<p>ehh, not anymore my guess is&#8230;<\/p>\n","protected":false},"excerpt":{"rendered":"<p>Nytt sp\u00e5r: Fabian f\u00e5nge i Kungsbacka G\u00d6TEBORG. Polisen vet exakt var Fabian Bengtssons mobiltelefon varit efter f\u00f6rsvinnandet. Den har kopplats upp via en mobilmast i byn Lerb\u00e4ck \u00f6ster om Fj\u00e4r\u00e5s. I natt fanns misstankar om att Sibadirekt\u00f6ren h\u00e5lls f\u00e5ngen i Kungsbacka kommun http:\/\/expressen.se\/index.jsp?a=236401 ehh, not anymore my guess is&#8230;<\/p>\n","protected":false},"author":1,"featured_media":0,"comment_status":"open","ping_status":"open","sticky":false,"template":"","format":"standard","meta":{"footnotes":""},"categories":[18],"tags":[],"class_list":["post-373","post","type-post","status-publish","format-standard","hentry","category-c18"],"_links":{"self":[{"href":"https:\/\/hellem.org\/wblog\/index.php?rest_route=\/wp\/v2\/posts\/373","targetHints":{"allow":["GET"]}}],"collection":[{"href":"https:\/\/hellem.org\/wblog\/index.php?rest_route=\/wp\/v2\/posts"}],"about":[{"href":"https:\/\/hellem.org\/wblog\/index.php?rest_route=\/wp\/v2\/types\/post"}],"author":[{"embeddable":true,"href":"https:\/\/hellem.org\/wblog\/index.php?rest_route=\/wp\/v2\/users\/1"}],"replies":[{"embeddable":true,"href":"https:\/\/hellem.org\/wblog\/index.php?rest_route=%2Fwp%2Fv2%2Fcomments&post=373"}],"version-history":[{"count":1,"href":"https:\/\/hellem.org\/wblog\/index.php?rest_route=\/wp\/v2\/posts\/373\/revisions"}],"predecessor-version":[{"id":16452,"href":"https:\/\/hellem.org\/wblog\/index.php?rest_route=\/wp\/v2\/posts\/373\/revisions\/16452"}],"wp:attachment":[{"href":"https:\/\/hellem.org\/wblog\/index.php?rest_route=%2Fwp%2Fv2%2Fmedia&parent=373"}],"wp:term":[{"taxonomy":"category","embeddable":true,"href":"https:\/\/hellem.org\/wblog\/index.php?rest_route=%2Fwp%2Fv2%2Fcategories&post=373"},{"taxonomy":"post_tag","embeddable":true,"href":"https:\/\/hellem.org\/wblog\/index.php?rest_route=%2Fwp%2Fv2%2Ftags&post=373"}],"curies":[{"name":"wp","href":"https:\/\/api.w.org\/{rel}","templated":true}]}}