{"id":3823,"date":"2011-02-27T20:57:57","date_gmt":"2011-02-27T20:57:57","guid":{"rendered":""},"modified":"2026-04-18T22:52:02","modified_gmt":"2026-04-18T22:52:02","slug":"dodsdomt-og-fri-arvid-moller","status":"publish","type":"post","link":"https:\/\/hellem.org\/wblog\/?p=3823","title":{"rendered":"D\u00f8dsd\u00f8mt og fri &#8211; Arvid M\u00f8ller"},"content":{"rendered":"<p>Have had a few days of vacation at Sjusj\u00f8en, where I found the book &#8220;D\u00f8dsd\u00f8mt og fri&#8221;, the book about Arnulf Birger Lund, who was part of <a href=\"http:\/\/no.wikipedia.org\/wiki\/Milorg\">Milorg<\/a> during WW2, and was captured by the local Nazis and tortured. The book tells the story about his life before and after the war. Most of all I&#8217;m impressed of his ability to make peace after the war with the people who had tortured him. <\/p>\n<p>No picture of the book or Arnuld Lund himself available, but if intersted find out more by reading about <a href=\"http:\/\/no.wikipedia.org\/wiki\/Arvid_M%C3%B8ller\">Arvid M\u00f8ller<\/a><\/p>\n","protected":false},"excerpt":{"rendered":"<p>Have had a few days of vacation at Sjusj\u00f8en, where I found the book &#8220;D\u00f8dsd\u00f8mt og fri&#8221;, the book about Arnulf Birger Lund, who was part of Milorg during WW2, and was captured by the local Nazis and tortured. The book tells the story about his life before and after the war. Most of all [&hellip;]<\/p>\n","protected":false},"author":1,"featured_media":0,"comment_status":"open","ping_status":"open","sticky":false,"template":"","format":"standard","meta":{"footnotes":""},"categories":[25],"tags":[],"class_list":["post-3823","post","type-post","status-publish","format-standard","hentry","category-books"],"_links":{"self":[{"href":"https:\/\/hellem.org\/wblog\/index.php?rest_route=\/wp\/v2\/posts\/3823","targetHints":{"allow":["GET"]}}],"collection":[{"href":"https:\/\/hellem.org\/wblog\/index.php?rest_route=\/wp\/v2\/posts"}],"about":[{"href":"https:\/\/hellem.org\/wblog\/index.php?rest_route=\/wp\/v2\/types\/post"}],"author":[{"embeddable":true,"href":"https:\/\/hellem.org\/wblog\/index.php?rest_route=\/wp\/v2\/users\/1"}],"replies":[{"embeddable":true,"href":"https:\/\/hellem.org\/wblog\/index.php?rest_route=%2Fwp%2Fv2%2Fcomments&post=3823"}],"version-history":[{"count":1,"href":"https:\/\/hellem.org\/wblog\/index.php?rest_route=\/wp\/v2\/posts\/3823\/revisions"}],"predecessor-version":[{"id":13790,"href":"https:\/\/hellem.org\/wblog\/index.php?rest_route=\/wp\/v2\/posts\/3823\/revisions\/13790"}],"wp:attachment":[{"href":"https:\/\/hellem.org\/wblog\/index.php?rest_route=%2Fwp%2Fv2%2Fmedia&parent=3823"}],"wp:term":[{"taxonomy":"category","embeddable":true,"href":"https:\/\/hellem.org\/wblog\/index.php?rest_route=%2Fwp%2Fv2%2Fcategories&post=3823"},{"taxonomy":"post_tag","embeddable":true,"href":"https:\/\/hellem.org\/wblog\/index.php?rest_route=%2Fwp%2Fv2%2Ftags&post=3823"}],"curies":[{"name":"wp","href":"https:\/\/api.w.org\/{rel}","templated":true}]}}