{"id":510,"date":"2003-11-26T17:25:58","date_gmt":"2003-11-26T17:25:58","guid":{"rendered":""},"modified":"2026-04-18T23:04:00","modified_gmt":"2026-04-18T23:04:00","slug":"510","status":"publish","type":"post","link":"https:\/\/hellem.org\/wblog\/?p=510","title":{"rendered":""},"content":{"rendered":"<p>Har v\u00e6rt i Stuttgart siden fredag, har f\u00e5tt handlet kl\u00e6r i Metzingen<\/p>\n<p><a href=\"http:\/\/www.fabrikverkauf-metzingen.de\/\">http:\/\/www.fabrikverkauf-metzingen.de\/<br \/>\n<\/a><br \/>\ns\u00e5 p\u00e5 s\u00f8ndag var vi p\u00e5 museumet til Mercedes-Benz<br \/>\n<a href=\"\nhttp:\/\/www.mercedes-benz.com\/com\/e\/home\/heritage\/museum\/index.html\"><br \/>\nhttp:\/\/www.mercedes-benz.com\/com\/e\/home\/heritage\/museum\/index.html<\/a><\/p>\n<p>Ut over det s\u00e5 fikk jeg se Peugeot 307 CC, BMW X3, Maybach, et hav av fete Mercedeser og Porscher. Fikk ogs\u00e5 tatt en rask titt gjennom vinduet p\u00e5 Lamborghini-butikken i Stuttgart<\/p>\n<p><a href=\"http:\/\/www.lamborghini.de\/\">http:\/\/www.lamborghini.de\/<\/a><\/p>\n<p>Bra tur!<\/p>\n","protected":false},"excerpt":{"rendered":"<p>Har v\u00e6rt i Stuttgart siden fredag, har f\u00e5tt handlet kl\u00e6r i Metzingen http:\/\/www.fabrikverkauf-metzingen.de\/ s\u00e5 p\u00e5 s\u00f8ndag var vi p\u00e5 museumet til Mercedes-Benz http:\/\/www.mercedes-benz.com\/com\/e\/home\/heritage\/museum\/index.html Ut over det s\u00e5 fikk jeg se Peugeot 307 CC, BMW X3, Maybach, et hav av fete Mercedeser og Porscher. Fikk ogs\u00e5 tatt en rask titt gjennom vinduet p\u00e5 Lamborghini-butikken i Stuttgart [&hellip;]<\/p>\n","protected":false},"author":1,"featured_media":0,"comment_status":"open","ping_status":"open","sticky":false,"template":"","format":"standard","meta":{"footnotes":""},"categories":[110],"tags":[],"class_list":["post-510","post","type-post","status-publish","format-standard","hentry","category-in-norwegian"],"_links":{"self":[{"href":"https:\/\/hellem.org\/wblog\/index.php?rest_route=\/wp\/v2\/posts\/510","targetHints":{"allow":["GET"]}}],"collection":[{"href":"https:\/\/hellem.org\/wblog\/index.php?rest_route=\/wp\/v2\/posts"}],"about":[{"href":"https:\/\/hellem.org\/wblog\/index.php?rest_route=\/wp\/v2\/types\/post"}],"author":[{"embeddable":true,"href":"https:\/\/hellem.org\/wblog\/index.php?rest_route=\/wp\/v2\/users\/1"}],"replies":[{"embeddable":true,"href":"https:\/\/hellem.org\/wblog\/index.php?rest_route=%2Fwp%2Fv2%2Fcomments&post=510"}],"version-history":[{"count":1,"href":"https:\/\/hellem.org\/wblog\/index.php?rest_route=\/wp\/v2\/posts\/510\/revisions"}],"predecessor-version":[{"id":16834,"href":"https:\/\/hellem.org\/wblog\/index.php?rest_route=\/wp\/v2\/posts\/510\/revisions\/16834"}],"wp:attachment":[{"href":"https:\/\/hellem.org\/wblog\/index.php?rest_route=%2Fwp%2Fv2%2Fmedia&parent=510"}],"wp:term":[{"taxonomy":"category","embeddable":true,"href":"https:\/\/hellem.org\/wblog\/index.php?rest_route=%2Fwp%2Fv2%2Fcategories&post=510"},{"taxonomy":"post_tag","embeddable":true,"href":"https:\/\/hellem.org\/wblog\/index.php?rest_route=%2Fwp%2Fv2%2Ftags&post=510"}],"curies":[{"name":"wp","href":"https:\/\/api.w.org\/{rel}","templated":true}]}}