{"id":537,"date":"2003-11-12T18:05:06","date_gmt":"2003-11-12T18:05:06","guid":{"rendered":""},"modified":"2026-04-18T23:04:07","modified_gmt":"2026-04-18T23:04:07","slug":"537","status":"publish","type":"post","link":"https:\/\/hellem.org\/wblog\/?p=537","title":{"rendered":""},"content":{"rendered":"<p>&#8220;TV 2 og dens motorgale sjef, K\u00e5re Valebrokk, har sikret seg Petter Solberg og de to neste \u00e5rs rally-VM. Blant annet med Thomas Alsgaard som ekspertkommentator.&#8221; <\/p>\n<p>I herrens navn, Thomas Alsgaard???????????????? Arild Andersen som har levert s\u00e5 vanvittig bra p\u00e5 NRK, hadde TV2 i det minste f\u00e5tt han til \u00e5 kommentere s\u00e5 skulle jeg ikke klaget, men en avdanka skil\u00f8per som har kj\u00f8rt maks 3 rally&#8230;.pokker!!! Da blir det Svensk TV i stedenfor!!!<\/p>\n<p>Man tuller ikke med RALLY!!!!!!!!!!!!!!!!!<\/p>\n<p><a href=\"http:\/\/www.aftenposten.no\/nyheter\/sport\/article.jhtml?articleID=667620\">http:\/\/www.aftenposten.no\/nyheter\/sport\/article.jhtml?articleID=667620<\/a><\/p>\n","protected":false},"excerpt":{"rendered":"<p>&#8220;TV 2 og dens motorgale sjef, K\u00e5re Valebrokk, har sikret seg Petter Solberg og de to neste \u00e5rs rally-VM. Blant annet med Thomas Alsgaard som ekspertkommentator.&#8221; I herrens navn, Thomas Alsgaard???????????????? Arild Andersen som har levert s\u00e5 vanvittig bra p\u00e5 NRK, hadde TV2 i det minste f\u00e5tt han til \u00e5 kommentere s\u00e5 skulle jeg ikke [&hellip;]<\/p>\n","protected":false},"author":1,"featured_media":0,"comment_status":"open","ping_status":"open","sticky":false,"template":"","format":"standard","meta":{"footnotes":""},"categories":[110],"tags":[],"class_list":["post-537","post","type-post","status-publish","format-standard","hentry","category-in-norwegian"],"_links":{"self":[{"href":"https:\/\/hellem.org\/wblog\/index.php?rest_route=\/wp\/v2\/posts\/537","targetHints":{"allow":["GET"]}}],"collection":[{"href":"https:\/\/hellem.org\/wblog\/index.php?rest_route=\/wp\/v2\/posts"}],"about":[{"href":"https:\/\/hellem.org\/wblog\/index.php?rest_route=\/wp\/v2\/types\/post"}],"author":[{"embeddable":true,"href":"https:\/\/hellem.org\/wblog\/index.php?rest_route=\/wp\/v2\/users\/1"}],"replies":[{"embeddable":true,"href":"https:\/\/hellem.org\/wblog\/index.php?rest_route=%2Fwp%2Fv2%2Fcomments&post=537"}],"version-history":[{"count":1,"href":"https:\/\/hellem.org\/wblog\/index.php?rest_route=\/wp\/v2\/posts\/537\/revisions"}],"predecessor-version":[{"id":16862,"href":"https:\/\/hellem.org\/wblog\/index.php?rest_route=\/wp\/v2\/posts\/537\/revisions\/16862"}],"wp:attachment":[{"href":"https:\/\/hellem.org\/wblog\/index.php?rest_route=%2Fwp%2Fv2%2Fmedia&parent=537"}],"wp:term":[{"taxonomy":"category","embeddable":true,"href":"https:\/\/hellem.org\/wblog\/index.php?rest_route=%2Fwp%2Fv2%2Fcategories&post=537"},{"taxonomy":"post_tag","embeddable":true,"href":"https:\/\/hellem.org\/wblog\/index.php?rest_route=%2Fwp%2Fv2%2Ftags&post=537"}],"curies":[{"name":"wp","href":"https:\/\/api.w.org\/{rel}","templated":true}]}}