{"id":5579,"date":"2013-06-13T23:50:00","date_gmt":"2013-06-13T23:50:00","guid":{"rendered":""},"modified":"2026-04-18T22:45:31","modified_gmt":"2026-04-18T22:45:31","slug":"my-latest-book-oyvind-strommen-det-morke-nettet","status":"publish","type":"post","link":"https:\/\/hellem.org\/wblog\/?p=5579","title":{"rendered":"My latest book: \u00d8yvind Str\u00f8mmen &#8211; Det m\u00f8rke nettet"},"content":{"rendered":"<blockquote><p>Gjennom bruk av en rekke konkrete eksempler, tegner Str\u00f8mme et sammensatt, men tydelig bilde av det anti-islamske Europa &#8211; fra konspirasjonsteoretikerne til demografipanikerne, fra forfatterne Oriana Fallaci til h\u00f8yreskstreme partier som Vlaams Belang og Front National, i tillegg til en h\u00e6r av islamkritiske bloggere, med norske Fjordmann som en av de mest markante stemmene. Forfatteren forteller ogs\u00e5 historien om h\u00f8yreekstrem terror de siste ti\u00e5rene, som bomben i Oslo i 1985, brannstiftelser mot asylmottak p\u00e5 1980 og 1990-tallet, og om andre typer politisk vold fra ekstremh\u00f8yre, som de to lasermennene i Sverige.<\/p><\/blockquote>\n<p><a href=\"http:\/\/www.cappelendamm.no\/main\/katalog.aspx?isbn=9788202370275\">Cappelen.no<\/a><\/p>\n<p>Read more at <a href=\"http:\/\/www.nrk.no\/nyheter\/kultur\/litteratur\/1.7878474\">http:\/\/www.nrk.no\/nyheter\/kultur\/litteratur\/1.7878474<\/a> (both in Norwegian)<\/p>\n<div class=\"image_block\"><a href=\"http:\/\/hellem.org\/blog\/media\/blogs\/new\/2013\/06\/detmorkenettet.jpg?mtime=1371159167\"><img loading=\"lazy\" decoding=\"async\" alt=\"\" src=\"http:\/\/hellem.org\/blog\/media\/blogs\/new\/2013\/06\/detmorkenettet.jpg?mtime=1371159167\" width=\"139\" height=\"185\" \/><\/a><\/div>\n","protected":false},"excerpt":{"rendered":"<p>Gjennom bruk av en rekke konkrete eksempler, tegner Str\u00f8mme et sammensatt, men tydelig bilde av det anti-islamske Europa &#8211; fra konspirasjonsteoretikerne til demografipanikerne, fra forfatterne Oriana Fallaci til h\u00f8yreskstreme partier som Vlaams Belang og Front National, i tillegg til en h\u00e6r av islamkritiske bloggere, med norske Fjordmann som en av de mest markante stemmene. Forfatteren [&hellip;]<\/p>\n","protected":false},"author":1,"featured_media":0,"comment_status":"open","ping_status":"open","sticky":false,"template":"","format":"standard","meta":{"footnotes":""},"categories":[25],"tags":[],"class_list":["post-5579","post","type-post","status-publish","format-standard","hentry","category-books"],"_links":{"self":[{"href":"https:\/\/hellem.org\/wblog\/index.php?rest_route=\/wp\/v2\/posts\/5579","targetHints":{"allow":["GET"]}}],"collection":[{"href":"https:\/\/hellem.org\/wblog\/index.php?rest_route=\/wp\/v2\/posts"}],"about":[{"href":"https:\/\/hellem.org\/wblog\/index.php?rest_route=\/wp\/v2\/types\/post"}],"author":[{"embeddable":true,"href":"https:\/\/hellem.org\/wblog\/index.php?rest_route=\/wp\/v2\/users\/1"}],"replies":[{"embeddable":true,"href":"https:\/\/hellem.org\/wblog\/index.php?rest_route=%2Fwp%2Fv2%2Fcomments&post=5579"}],"version-history":[{"count":1,"href":"https:\/\/hellem.org\/wblog\/index.php?rest_route=\/wp\/v2\/posts\/5579\/revisions"}],"predecessor-version":[{"id":12047,"href":"https:\/\/hellem.org\/wblog\/index.php?rest_route=\/wp\/v2\/posts\/5579\/revisions\/12047"}],"wp:attachment":[{"href":"https:\/\/hellem.org\/wblog\/index.php?rest_route=%2Fwp%2Fv2%2Fmedia&parent=5579"}],"wp:term":[{"taxonomy":"category","embeddable":true,"href":"https:\/\/hellem.org\/wblog\/index.php?rest_route=%2Fwp%2Fv2%2Fcategories&post=5579"},{"taxonomy":"post_tag","embeddable":true,"href":"https:\/\/hellem.org\/wblog\/index.php?rest_route=%2Fwp%2Fv2%2Ftags&post=5579"}],"curies":[{"name":"wp","href":"https:\/\/api.w.org\/{rel}","templated":true}]}}