{"id":571,"date":"2003-10-29T18:39:46","date_gmt":"2003-10-29T18:39:46","guid":{"rendered":""},"modified":"2026-04-18T23:04:16","modified_gmt":"2026-04-18T23:04:16","slug":"571","status":"publish","type":"post","link":"https:\/\/hellem.org\/wblog\/?p=571","title":{"rendered":""},"content":{"rendered":"<p>&#8220;(VG Nett) Rupert Murdochs nyhetskanal Fox News Channel truet med \u00e5 saks\u00f8ke skaperen av tegneserien The Simpsons.&#8221;<\/p>\n<p>meeeeennn<\/p>\n<p>&#8220;Groening sier at nyhetskanalen skrinla s\u00f8ksm\u00e5let fordi det ville bety at Fox-konsernet m\u00e5tte saks\u00f8ke seg selv.&#8221;<\/p>\n<p>he-he, Groening sparker til hvem han vil med Simpsons&#8230;<\/p>\n<p><a href=\"http:\/\/www.vg.no\/pub\/vgart.hbs?artid=82677\">http:\/\/www.vg.no\/pub\/vgart.hbs?artid=82677<\/a><\/p>\n","protected":false},"excerpt":{"rendered":"<p>&#8220;(VG Nett) Rupert Murdochs nyhetskanal Fox News Channel truet med \u00e5 saks\u00f8ke skaperen av tegneserien The Simpsons.&#8221; meeeeennn &#8220;Groening sier at nyhetskanalen skrinla s\u00f8ksm\u00e5let fordi det ville bety at Fox-konsernet m\u00e5tte saks\u00f8ke seg selv.&#8221; he-he, Groening sparker til hvem han vil med Simpsons&#8230; http:\/\/www.vg.no\/pub\/vgart.hbs?artid=82677<\/p>\n","protected":false},"author":1,"featured_media":0,"comment_status":"open","ping_status":"open","sticky":false,"template":"","format":"standard","meta":{"footnotes":""},"categories":[110],"tags":[],"class_list":["post-571","post","type-post","status-publish","format-standard","hentry","category-in-norwegian"],"_links":{"self":[{"href":"https:\/\/hellem.org\/wblog\/index.php?rest_route=\/wp\/v2\/posts\/571","targetHints":{"allow":["GET"]}}],"collection":[{"href":"https:\/\/hellem.org\/wblog\/index.php?rest_route=\/wp\/v2\/posts"}],"about":[{"href":"https:\/\/hellem.org\/wblog\/index.php?rest_route=\/wp\/v2\/types\/post"}],"author":[{"embeddable":true,"href":"https:\/\/hellem.org\/wblog\/index.php?rest_route=\/wp\/v2\/users\/1"}],"replies":[{"embeddable":true,"href":"https:\/\/hellem.org\/wblog\/index.php?rest_route=%2Fwp%2Fv2%2Fcomments&post=571"}],"version-history":[{"count":1,"href":"https:\/\/hellem.org\/wblog\/index.php?rest_route=\/wp\/v2\/posts\/571\/revisions"}],"predecessor-version":[{"id":16897,"href":"https:\/\/hellem.org\/wblog\/index.php?rest_route=\/wp\/v2\/posts\/571\/revisions\/16897"}],"wp:attachment":[{"href":"https:\/\/hellem.org\/wblog\/index.php?rest_route=%2Fwp%2Fv2%2Fmedia&parent=571"}],"wp:term":[{"taxonomy":"category","embeddable":true,"href":"https:\/\/hellem.org\/wblog\/index.php?rest_route=%2Fwp%2Fv2%2Fcategories&post=571"},{"taxonomy":"post_tag","embeddable":true,"href":"https:\/\/hellem.org\/wblog\/index.php?rest_route=%2Fwp%2Fv2%2Ftags&post=571"}],"curies":[{"name":"wp","href":"https:\/\/api.w.org\/{rel}","templated":true}]}}