{"id":6155,"date":"2014-04-22T22:48:00","date_gmt":"2014-04-22T22:48:00","guid":{"rendered":""},"modified":"2026-04-18T22:43:06","modified_gmt":"2026-04-18T22:43:06","slug":"my-latest-book-astrid-sverresdotter-dypvik-det-var-ddr","status":"publish","type":"post","link":"https:\/\/hellem.org\/wblog\/?p=6155","title":{"rendered":"My latest book &#8211; Astrid Sverresdotter Dypvik &quot;Det var DDR&quot;"},"content":{"rendered":"<blockquote><p>3. oktober 1990 vart DDR lagt ned og Tyskland samla. Det var slutten for statssosialisme, Berlinmuren og Stasi, men ogs\u00e5 for eit samfunn utan arbeidsl\u00f8yse. Denne boka byr p\u00e5 forteljingar om det som er att etter DDR i dag&#8230;.<\/p><\/blockquote>\n<p> Read more at <a href=\"http:\/\/www.samlaget.no\/nn-no\/fakta%20og%20dokumentar\/historie\/det-var-ddr\/innbunden.aspx\">Samlaget<\/a><\/p>\n<div class=\"image_block\"><a href=\"http:\/\/hellem.org\/blog\/media\/blogs\/new\/2014\/04\/detvarddr.png?mtime=1398199393\"><img loading=\"lazy\" decoding=\"async\" alt=\"\" src=\"http:\/\/hellem.org\/blog\/media\/blogs\/new\/2014\/04\/detvarddr.png?mtime=1398199393\" width=\"112\" height=\"180\" \/><\/a><\/div>\n","protected":false},"excerpt":{"rendered":"<p>3. oktober 1990 vart DDR lagt ned og Tyskland samla. Det var slutten for statssosialisme, Berlinmuren og Stasi, men ogs\u00e5 for eit samfunn utan arbeidsl\u00f8yse. Denne boka byr p\u00e5 forteljingar om det som er att etter DDR i dag&#8230;. Read more at Samlaget<\/p>\n","protected":false},"author":1,"featured_media":0,"comment_status":"open","ping_status":"open","sticky":false,"template":"","format":"standard","meta":{"footnotes":""},"categories":[25],"tags":[],"class_list":["post-6155","post","type-post","status-publish","format-standard","hentry","category-books"],"_links":{"self":[{"href":"https:\/\/hellem.org\/wblog\/index.php?rest_route=\/wp\/v2\/posts\/6155","targetHints":{"allow":["GET"]}}],"collection":[{"href":"https:\/\/hellem.org\/wblog\/index.php?rest_route=\/wp\/v2\/posts"}],"about":[{"href":"https:\/\/hellem.org\/wblog\/index.php?rest_route=\/wp\/v2\/types\/post"}],"author":[{"embeddable":true,"href":"https:\/\/hellem.org\/wblog\/index.php?rest_route=\/wp\/v2\/users\/1"}],"replies":[{"embeddable":true,"href":"https:\/\/hellem.org\/wblog\/index.php?rest_route=%2Fwp%2Fv2%2Fcomments&post=6155"}],"version-history":[{"count":1,"href":"https:\/\/hellem.org\/wblog\/index.php?rest_route=\/wp\/v2\/posts\/6155\/revisions"}],"predecessor-version":[{"id":11441,"href":"https:\/\/hellem.org\/wblog\/index.php?rest_route=\/wp\/v2\/posts\/6155\/revisions\/11441"}],"wp:attachment":[{"href":"https:\/\/hellem.org\/wblog\/index.php?rest_route=%2Fwp%2Fv2%2Fmedia&parent=6155"}],"wp:term":[{"taxonomy":"category","embeddable":true,"href":"https:\/\/hellem.org\/wblog\/index.php?rest_route=%2Fwp%2Fv2%2Fcategories&post=6155"},{"taxonomy":"post_tag","embeddable":true,"href":"https:\/\/hellem.org\/wblog\/index.php?rest_route=%2Fwp%2Fv2%2Ftags&post=6155"}],"curies":[{"name":"wp","href":"https:\/\/api.w.org\/{rel}","templated":true}]}}