{"id":617,"date":"2003-10-06T19:33:53","date_gmt":"2003-10-06T19:33:53","guid":{"rendered":""},"modified":"2026-04-18T23:04:26","modified_gmt":"2026-04-18T23:04:26","slug":"617","status":"publish","type":"post","link":"https:\/\/hellem.org\/wblog\/?p=617","title":{"rendered":""},"content":{"rendered":"<p>Mariah Carey har v\u00e6rt og holdt konsert i Stockholm, og f\u00f8lgende er \u00e5 lese i Aftonbladet&#8217;s anmeldelse<\/p>\n<p>&#8220;&#8230;Hela hennes framtoning \u00e4r v\u00e4ldigt m\u00e4rklig, man blir inte riktigt klok p\u00e5 om hon \u00e4r en oerh\u00f6rt slipad scenartist eller om hon i sj\u00e4lva verket \u00e4r spritt spr\u00e5ngande galen..&#8221;<\/p>\n<p><a href=\"http:\/\/www.aftonbladet.se\/vss\/noje\/story\/0,2789,370971,00.html\">http:\/\/www.aftonbladet.se\/vss\/noje\/story\/0,2789,370971,00.html<\/a><\/p>\n","protected":false},"excerpt":{"rendered":"<p>Mariah Carey har v\u00e6rt og holdt konsert i Stockholm, og f\u00f8lgende er \u00e5 lese i Aftonbladet&#8217;s anmeldelse &#8220;&#8230;Hela hennes framtoning \u00e4r v\u00e4ldigt m\u00e4rklig, man blir inte riktigt klok p\u00e5 om hon \u00e4r en oerh\u00f6rt slipad scenartist eller om hon i sj\u00e4lva verket \u00e4r spritt spr\u00e5ngande galen..&#8221; http:\/\/www.aftonbladet.se\/vss\/noje\/story\/0,2789,370971,00.html<\/p>\n","protected":false},"author":1,"featured_media":0,"comment_status":"open","ping_status":"open","sticky":false,"template":"","format":"standard","meta":{"footnotes":""},"categories":[110],"tags":[],"class_list":["post-617","post","type-post","status-publish","format-standard","hentry","category-in-norwegian"],"_links":{"self":[{"href":"https:\/\/hellem.org\/wblog\/index.php?rest_route=\/wp\/v2\/posts\/617","targetHints":{"allow":["GET"]}}],"collection":[{"href":"https:\/\/hellem.org\/wblog\/index.php?rest_route=\/wp\/v2\/posts"}],"about":[{"href":"https:\/\/hellem.org\/wblog\/index.php?rest_route=\/wp\/v2\/types\/post"}],"author":[{"embeddable":true,"href":"https:\/\/hellem.org\/wblog\/index.php?rest_route=\/wp\/v2\/users\/1"}],"replies":[{"embeddable":true,"href":"https:\/\/hellem.org\/wblog\/index.php?rest_route=%2Fwp%2Fv2%2Fcomments&post=617"}],"version-history":[{"count":1,"href":"https:\/\/hellem.org\/wblog\/index.php?rest_route=\/wp\/v2\/posts\/617\/revisions"}],"predecessor-version":[{"id":16937,"href":"https:\/\/hellem.org\/wblog\/index.php?rest_route=\/wp\/v2\/posts\/617\/revisions\/16937"}],"wp:attachment":[{"href":"https:\/\/hellem.org\/wblog\/index.php?rest_route=%2Fwp%2Fv2%2Fmedia&parent=617"}],"wp:term":[{"taxonomy":"category","embeddable":true,"href":"https:\/\/hellem.org\/wblog\/index.php?rest_route=%2Fwp%2Fv2%2Fcategories&post=617"},{"taxonomy":"post_tag","embeddable":true,"href":"https:\/\/hellem.org\/wblog\/index.php?rest_route=%2Fwp%2Fv2%2Ftags&post=617"}],"curies":[{"name":"wp","href":"https:\/\/api.w.org\/{rel}","templated":true}]}}