{"id":619,"date":"2003-10-03T19:36:00","date_gmt":"2003-10-03T19:36:00","guid":{"rendered":""},"modified":"2026-04-18T23:04:27","modified_gmt":"2026-04-18T23:04:27","slug":"619","status":"publish","type":"post","link":"https:\/\/hellem.org\/wblog\/?p=619","title":{"rendered":""},"content":{"rendered":"<p>Den der Svanhild-saken er jo i og for seg en farse, hvorvidt alt som presenteres er fakta eller ikke er jo ogs\u00e5 verdt \u00e5 diskutere, men i denne artikkelen er for\u00f8vrig en av de mer objektive jeg har lest&#8230;og gir en bedre forst\u00e5else for hvorfor barnevernet har handlet som de har gjort&#8230;<\/p>\n<p>&#8220;Det er feil \u00e5 si at Svanhild Jensen er fratatt sine barn p\u00e5 grunn av lav IQ, sier rettens sakkyndige Trond Skj\u00e6veland, som beklager at familien, pressen og hennes advokat ikke hjelper Svanhild til \u00e5 se sine egne begrensninger&#8230;&#8221;<\/p>\n<p>Tar ikke stilling til om hva som er rett og galt i denne saken, men det er godt \u00e5 bli presentert et tilsynelatende n\u00f8kternt og objektivt bilde av saken&#8230;<\/p>\n<p><a href=\"http:\/\/www.aftenposten.no\/nyheter\/iriks\/article.jhtml?articleID=639436\">http:\/\/www.aftenposten.no\/nyheter\/iriks\/article.jhtml?articleID=639436<\/a><\/p>\n","protected":false},"excerpt":{"rendered":"<p>Den der Svanhild-saken er jo i og for seg en farse, hvorvidt alt som presenteres er fakta eller ikke er jo ogs\u00e5 verdt \u00e5 diskutere, men i denne artikkelen er for\u00f8vrig en av de mer objektive jeg har lest&#8230;og gir en bedre forst\u00e5else for hvorfor barnevernet har handlet som de har gjort&#8230; &#8220;Det er feil [&hellip;]<\/p>\n","protected":false},"author":1,"featured_media":0,"comment_status":"open","ping_status":"open","sticky":false,"template":"","format":"standard","meta":{"footnotes":""},"categories":[110],"tags":[],"class_list":["post-619","post","type-post","status-publish","format-standard","hentry","category-in-norwegian"],"_links":{"self":[{"href":"https:\/\/hellem.org\/wblog\/index.php?rest_route=\/wp\/v2\/posts\/619","targetHints":{"allow":["GET"]}}],"collection":[{"href":"https:\/\/hellem.org\/wblog\/index.php?rest_route=\/wp\/v2\/posts"}],"about":[{"href":"https:\/\/hellem.org\/wblog\/index.php?rest_route=\/wp\/v2\/types\/post"}],"author":[{"embeddable":true,"href":"https:\/\/hellem.org\/wblog\/index.php?rest_route=\/wp\/v2\/users\/1"}],"replies":[{"embeddable":true,"href":"https:\/\/hellem.org\/wblog\/index.php?rest_route=%2Fwp%2Fv2%2Fcomments&post=619"}],"version-history":[{"count":1,"href":"https:\/\/hellem.org\/wblog\/index.php?rest_route=\/wp\/v2\/posts\/619\/revisions"}],"predecessor-version":[{"id":16944,"href":"https:\/\/hellem.org\/wblog\/index.php?rest_route=\/wp\/v2\/posts\/619\/revisions\/16944"}],"wp:attachment":[{"href":"https:\/\/hellem.org\/wblog\/index.php?rest_route=%2Fwp%2Fv2%2Fmedia&parent=619"}],"wp:term":[{"taxonomy":"category","embeddable":true,"href":"https:\/\/hellem.org\/wblog\/index.php?rest_route=%2Fwp%2Fv2%2Fcategories&post=619"},{"taxonomy":"post_tag","embeddable":true,"href":"https:\/\/hellem.org\/wblog\/index.php?rest_route=%2Fwp%2Fv2%2Ftags&post=619"}],"curies":[{"name":"wp","href":"https:\/\/api.w.org\/{rel}","templated":true}]}}