{"id":811,"date":"2005-10-24T08:48:31","date_gmt":"2005-10-24T08:48:31","guid":{"rendered":""},"modified":"2026-04-18T23:01:29","modified_gmt":"2026-04-18T23:01:29","slug":"rett-skal-vaere-rett","status":"publish","type":"post","link":"https:\/\/hellem.org\/wblog\/?p=811","title":{"rendered":"Rett skal v\u00e6re rett"},"content":{"rendered":"<p>This posting in Norwegian, since it all has to do with correct grammar for the Norwegian language.<\/p>\n<p>Etter en lengre diskusjon p\u00e5 jobben om hvorvidt hvilken kan skrives med eller uten &#8220;h&#8221;, jeg mente at det skulle v\u00e6re med &#8220;h&#8221;. Uansett, for \u00e5 f\u00e5 en slutt p\u00e5 denne diskusjonen s\u00e5 skrev jeg til selve kilden her i landet, nemlig Finn Erik Vinje <a href=\"http:\/\/www.hf.uio.no\/inl\/ansatte\/erik.html\">http:\/\/www.hf.uio.no\/inl\/ansatte\/erik.html<\/a>, og han svarte f\u00f8lgende: <\/p>\n<blockquote><p>Kj\u00e6re Rune Hellem<\/p>\n<p>Nei, vi kan ikke skrive &#8220;vilken&#8221; uten &#8220;h&#8221; . Det dine arbeidskamerater tenker p\u00e5, er trolig &#8220;verken&#8221;, som kan skrives slik eller med &#8220;h&#8221;: &#8220;Hverken&#8221;.<\/p>\n<p>Beste hilsen<br \/>\nFinn-Erik Vinje<\/p><\/blockquote>\n<p>og for virkelig \u00e5 sette prikken over i&#8217;en s\u00e5 fikk jeg ogs\u00e5 svar fra Spr\u00e5kr\u00e5det <a href=\"http:\/\/www.sprakrad.no\/\">http:\/\/www.sprakrad.no<\/a>\n<\/p>\n<blockquote><p>Spr\u00e5kr\u00e5det svarer:<\/p>\n<p>Det er ikke lov \u00e5 skrive &#8220;hvilken&#8221; uten h. Den eneste stumme h-en som man kan velge bort i dag, er h-en i &#8220;hverken&#8221;. Man kan skrive &#8220;verken&#8221;.<\/p>\n<p>Hilsen<br \/>\nSigfrid Tvitekkja<br \/>\nr\u00e5dgiver<\/p><\/blockquote>\n","protected":false},"excerpt":{"rendered":"<p>This posting in Norwegian, since it all has to do with correct grammar for the Norwegian language. Etter en lengre diskusjon p\u00e5 jobben om hvorvidt hvilken kan skrives med eller uten &#8220;h&#8221;, jeg mente at det skulle v\u00e6re med &#8220;h&#8221;. Uansett, for \u00e5 f\u00e5 en slutt p\u00e5 denne diskusjonen s\u00e5 skrev jeg til selve kilden [&hellip;]<\/p>\n","protected":false},"author":1,"featured_media":0,"comment_status":"open","ping_status":"open","sticky":false,"template":"","format":"standard","meta":{"footnotes":""},"categories":[18],"tags":[],"class_list":["post-811","post","type-post","status-publish","format-standard","hentry","category-c18"],"_links":{"self":[{"href":"https:\/\/hellem.org\/wblog\/index.php?rest_route=\/wp\/v2\/posts\/811","targetHints":{"allow":["GET"]}}],"collection":[{"href":"https:\/\/hellem.org\/wblog\/index.php?rest_route=\/wp\/v2\/posts"}],"about":[{"href":"https:\/\/hellem.org\/wblog\/index.php?rest_route=\/wp\/v2\/types\/post"}],"author":[{"embeddable":true,"href":"https:\/\/hellem.org\/wblog\/index.php?rest_route=\/wp\/v2\/users\/1"}],"replies":[{"embeddable":true,"href":"https:\/\/hellem.org\/wblog\/index.php?rest_route=%2Fwp%2Fv2%2Fcomments&post=811"}],"version-history":[{"count":1,"href":"https:\/\/hellem.org\/wblog\/index.php?rest_route=\/wp\/v2\/posts\/811\/revisions"}],"predecessor-version":[{"id":16212,"href":"https:\/\/hellem.org\/wblog\/index.php?rest_route=\/wp\/v2\/posts\/811\/revisions\/16212"}],"wp:attachment":[{"href":"https:\/\/hellem.org\/wblog\/index.php?rest_route=%2Fwp%2Fv2%2Fmedia&parent=811"}],"wp:term":[{"taxonomy":"category","embeddable":true,"href":"https:\/\/hellem.org\/wblog\/index.php?rest_route=%2Fwp%2Fv2%2Fcategories&post=811"},{"taxonomy":"post_tag","embeddable":true,"href":"https:\/\/hellem.org\/wblog\/index.php?rest_route=%2Fwp%2Fv2%2Ftags&post=811"}],"curies":[{"name":"wp","href":"https:\/\/api.w.org\/{rel}","templated":true}]}}