{"id":8683,"date":"2018-07-23T14:46:00","date_gmt":"2018-07-23T14:46:00","guid":{"rendered":""},"modified":"2026-04-18T22:25:47","modified_gmt":"2026-04-18T22:25:47","slug":"vastana-theater-and-the-alma-lov-museum","status":"publish","type":"post","link":"https:\/\/hellem.org\/wblog\/?p=8683","title":{"rendered":"V\u00e4stan\u00e5 Theater and the Alma L\u00f6v Museum"},"content":{"rendered":"<p>Friday, together with Elin, Margit and Sveinung, we went to <a href=\"https:\/\/sunne.se\/\">Sunne <\/a>to see the theater <a href=\"http:\/\/www.vastanateater.se\/event\/anna-svard\/\">Anna Sv\u00e4rd<\/a> based on the book with the same name by Selma Lagerl\u00f6f. On Satyrday we then went to The <a href=\"http:\/\/www.almalov.com\/\">Alma L\u00f6v Museum <\/a>(of unexpexted art). Both events was a totally new experience for me..<\/p>\n<p>Elin at the entrance of the museum<\/p>\n<div class=\"image_block\"><a href=\"https:\/\/www.hellem.org\/blog\/media\/blogs\/new\/2018\/07\/almalov1-entrance.jpg?mtime=1532349262\"><img loading=\"lazy\" decoding=\"async\" alt=\"\" src=\"https:\/\/www.hellem.org\/blog\/media\/blogs\/new\/2018\/07\/almalov1-entrance.jpg?mtime=1532349262\" width=\"360\" height=\"480\" class=\"loadimg\" \/><\/a><\/div>\n<p>Outside, with several installations. <\/p>\n<div class=\"image_block\"><a href=\"https:\/\/www.hellem.org\/blog\/media\/blogs\/new\/2018\/07\/almalov2-outside.jpg?mtime=1532349262\"><img loading=\"lazy\" decoding=\"async\" alt=\"\" src=\"https:\/\/www.hellem.org\/blog\/media\/blogs\/new\/2018\/07\/almalov2-outside.jpg?mtime=1532349262\" width=\"480\" height=\"360\" class=\"loadimg\" \/><\/a><\/div>\n<p>This one I could relate to, the Massey Fergusson-logo. <\/p>\n<div class=\"image_block\"><a href=\"https:\/\/www.hellem.org\/blog\/media\/blogs\/new\/2018\/07\/almalov3_mf.jpg?mtime=1532349262\"><img loading=\"lazy\" decoding=\"async\" alt=\"\" src=\"https:\/\/www.hellem.org\/blog\/media\/blogs\/new\/2018\/07\/almalov3_mf.jpg?mtime=1532349262\" width=\"360\" height=\"480\" class=\"loadimg\" \/><\/a><\/div>\n<p>&#8230;and yes, it was hot, all the time&#8230;<\/p>\n","protected":false},"excerpt":{"rendered":"<p>Friday, together with Elin, Margit and Sveinung, we went to Sunne to see the theater Anna Sv\u00e4rd based on the book with the same name by Selma Lagerl\u00f6f. On Satyrday we then went to The Alma L\u00f6v Museum (of unexpexted art). Both events was a totally new experience for me.. Elin at the entrance of [&hellip;]<\/p>\n","protected":false},"author":1,"featured_media":0,"comment_status":"open","ping_status":"open","sticky":false,"template":"","format":"standard","meta":{"footnotes":""},"categories":[18],"tags":[],"class_list":["post-8683","post","type-post","status-publish","format-standard","hentry","category-c18"],"_links":{"self":[{"href":"https:\/\/hellem.org\/wblog\/index.php?rest_route=\/wp\/v2\/posts\/8683","targetHints":{"allow":["GET"]}}],"collection":[{"href":"https:\/\/hellem.org\/wblog\/index.php?rest_route=\/wp\/v2\/posts"}],"about":[{"href":"https:\/\/hellem.org\/wblog\/index.php?rest_route=\/wp\/v2\/types\/post"}],"author":[{"embeddable":true,"href":"https:\/\/hellem.org\/wblog\/index.php?rest_route=\/wp\/v2\/users\/1"}],"replies":[{"embeddable":true,"href":"https:\/\/hellem.org\/wblog\/index.php?rest_route=%2Fwp%2Fv2%2Fcomments&post=8683"}],"version-history":[{"count":1,"href":"https:\/\/hellem.org\/wblog\/index.php?rest_route=\/wp\/v2\/posts\/8683\/revisions"}],"predecessor-version":[{"id":8963,"href":"https:\/\/hellem.org\/wblog\/index.php?rest_route=\/wp\/v2\/posts\/8683\/revisions\/8963"}],"wp:attachment":[{"href":"https:\/\/hellem.org\/wblog\/index.php?rest_route=%2Fwp%2Fv2%2Fmedia&parent=8683"}],"wp:term":[{"taxonomy":"category","embeddable":true,"href":"https:\/\/hellem.org\/wblog\/index.php?rest_route=%2Fwp%2Fv2%2Fcategories&post=8683"},{"taxonomy":"post_tag","embeddable":true,"href":"https:\/\/hellem.org\/wblog\/index.php?rest_route=%2Fwp%2Fv2%2Ftags&post=8683"}],"curies":[{"name":"wp","href":"https:\/\/api.w.org\/{rel}","templated":true}]}}