{"id":942,"date":"2003-08-04T08:47:30","date_gmt":"2003-08-04T08:47:30","guid":{"rendered":""},"modified":"2026-04-18T23:04:46","modified_gmt":"2026-04-18T23:04:46","slug":"942","status":"publish","type":"post","link":"https:\/\/hellem.org\/wblog\/?p=942","title":{"rendered":""},"content":{"rendered":"<p>Erik Bakke kan umulig v\u00e6re _helt_ god i sitt fotballspillende hode, faktisk ganske dum om jeg t\u00f8r p\u00e5st\u00e5&#8230;<\/p>\n<p>Eirik Bakkes personlige manager Jim Solbakken har denne forklaringen:<\/p>\n<p>&#8211; Eirik mistet lisensen til \u00e5 kj\u00f8re bil p\u00e5 de britiske \u00f8yer. Ikke i Norge eller verden for \u00f8vrig. Vi har snakket med dem som har greie p\u00e5 det, norske myndigheter, sier Solbakken.<\/p>\n<p>Lurer p\u00e5 om han ikke burde f\u00e5 seg en ny personlig assistent\/manager<\/p>\n<p>http:\/\/www.vg.no\/pub\/vgart.hbs?artid=70393<\/p>\n<p>Kan godt v\u00e6re han har lov, men du verden det er d\u00e5rlig vurderingsevne allikevel&#8230;for det f\u00f8rste kj\u00f8rer du ikke i fylla, ei heller begynner du \u00e5 juge og grine&#8230;n\u00e6hh, lista er lang ja&#8230;<\/p>\n","protected":false},"excerpt":{"rendered":"<p>Erik Bakke kan umulig v\u00e6re _helt_ god i sitt fotballspillende hode, faktisk ganske dum om jeg t\u00f8r p\u00e5st\u00e5&#8230; Eirik Bakkes personlige manager Jim Solbakken har denne forklaringen: &#8211; Eirik mistet lisensen til \u00e5 kj\u00f8re bil p\u00e5 de britiske \u00f8yer. Ikke i Norge eller verden for \u00f8vrig. Vi har snakket med dem som har greie p\u00e5 [&hellip;]<\/p>\n","protected":false},"author":1,"featured_media":0,"comment_status":"open","ping_status":"open","sticky":false,"template":"","format":"standard","meta":{"footnotes":""},"categories":[110],"tags":[],"class_list":["post-942","post","type-post","status-publish","format-standard","hentry","category-in-norwegian"],"_links":{"self":[{"href":"https:\/\/hellem.org\/wblog\/index.php?rest_route=\/wp\/v2\/posts\/942","targetHints":{"allow":["GET"]}}],"collection":[{"href":"https:\/\/hellem.org\/wblog\/index.php?rest_route=\/wp\/v2\/posts"}],"about":[{"href":"https:\/\/hellem.org\/wblog\/index.php?rest_route=\/wp\/v2\/types\/post"}],"author":[{"embeddable":true,"href":"https:\/\/hellem.org\/wblog\/index.php?rest_route=\/wp\/v2\/users\/1"}],"replies":[{"embeddable":true,"href":"https:\/\/hellem.org\/wblog\/index.php?rest_route=%2Fwp%2Fv2%2Fcomments&post=942"}],"version-history":[{"count":1,"href":"https:\/\/hellem.org\/wblog\/index.php?rest_route=\/wp\/v2\/posts\/942\/revisions"}],"predecessor-version":[{"id":17025,"href":"https:\/\/hellem.org\/wblog\/index.php?rest_route=\/wp\/v2\/posts\/942\/revisions\/17025"}],"wp:attachment":[{"href":"https:\/\/hellem.org\/wblog\/index.php?rest_route=%2Fwp%2Fv2%2Fmedia&parent=942"}],"wp:term":[{"taxonomy":"category","embeddable":true,"href":"https:\/\/hellem.org\/wblog\/index.php?rest_route=%2Fwp%2Fv2%2Fcategories&post=942"},{"taxonomy":"post_tag","embeddable":true,"href":"https:\/\/hellem.org\/wblog\/index.php?rest_route=%2Fwp%2Fv2%2Ftags&post=942"}],"curies":[{"name":"wp","href":"https:\/\/api.w.org\/{rel}","templated":true}]}}