
{"id":19376,"date":"2026-08-31T05:37:36","date_gmt":"2026-08-31T05:37:36","guid":{"rendered":"https:\/\/hellem.org\/wblog\/?p=19376"},"modified":"2026-08-31T05:37:36","modified_gmt":"2026-08-31T05:37:36","slug":"dnt-hytter-og-utedo-5","status":"publish","type":"post","link":"https:\/\/hellem.org\/wblog\/2026\/08\/31\/dnt-hytter-og-utedo-5\/","title":{"rendered":"DNT-hytter og utedo"},"content":{"rendered":"\n<p class=\"wp-block-paragraph\">Da har jeg v\u00e6rt p\u00e5 fjelltur med jobben til <a href=\"https:\/\/www.dnt.no\/hytter\/betjente\/iungsdalshytta\/\">Iungsdalshytta<\/a> og der benyttet jeg ogs\u00e5 anledningen til \u00e5 samel to andre hytter. Som seg h\u00f8r og b\u00f8r s\u00e5 m\u00e5tte jeg jo selvf\u00f8lgelig ta bilder av utsikten fra de ulike utedoene. Og den samlingen viste seg faktisk \u00e5 ha nytteverdi n\u00e5r jeg p\u00e5 turen ble spurt &#8220;Det er kanskje ikke s\u00e5 vanlig lengre at DNT-hyttene har utedo?&#8221;. Hvor jeg kunne vise til bildesamlingen min, end of discussion.<\/p>\n\n\n\n<p class=\"wp-block-paragraph\">Her er utsikten fra vinduet p\u00e5 selve Iungsdalshytta<\/p>\n\n\n\n<figure class=\"wp-block-image size-large\"><img decoding=\"async\" src=\"https:\/\/hellem.org\/pic\/2026\/08\/27082026_IMG_4265.jpg\" alt=\"\"\/><\/figure>\n\n\n\n<p class=\"wp-block-paragraph\">Vi kom dit p\u00e5 torsdag, fredagen s\u00e5 kledde jeg p\u00e5 meg joggesko og lett sekk og dro til <a href=\"https:\/\/ut.no\/hytte\/10812\/bjordalsbu\">Bjordalsbu<\/a>, visstnok DNT&#8217;s h\u00f8yestliggende selvbetjente hytte, i alle fall DNT Oslo sin h\u00f8yestligende selvbetjente hytte p\u00e5 1580 moh. Utsikten inne fra utedoen er ikke s\u00e6rlig spennende<\/p>\n\n\n\n<figure class=\"wp-block-image size-large\"><img decoding=\"async\" src=\"https:\/\/hellem.org\/pic\/2026\/08\/28082026_IMG_4269.jpg\" alt=\"\"\/><\/figure>\n\n\n\n<p class=\"wp-block-paragraph\">Ut vinduet derimot s\u00e5 ser man ut over \u00d8vre Bjordalsvatnet, som n\u00e5r jeg var der hadde hvite b\u00f8lgetopper &#8211; det bl\u00e5ste friskt den dagen. <\/p>\n\n\n\n<figure class=\"wp-block-image size-large\"><img decoding=\"async\" src=\"https:\/\/hellem.org\/pic\/2026\/08\/28082026_IMG_4268.jpg\" alt=\"\"\/><\/figure>\n\n\n\n<p class=\"wp-block-paragraph\">Dagen etter s\u00e5 gikk turen i andre retningen mot <a href=\"https:\/\/ut.no\/hytte\/10811\/kongshelleren\">Kongshelleren<\/a>. Variert sti med en del steinur, men ogs\u00e5 flotte flytstier som p\u00e5 vei tilbake var helt fantastisk \u00e5 l\u00f8pe p\u00e5. Landskapet der hytta ligger er ikke s\u00e5 spennende, det er mye stein, stein og atter stein.<\/p>\n\n\n\n<figure class=\"wp-block-image size-large\"><img decoding=\"async\" src=\"https:\/\/hellem.org\/pic\/2026\/08\/29082026_IMG_4279.jpg\" alt=\"\"\/><\/figure>\n\n\n\n<p class=\"wp-block-paragraph\">Og fra vinduet p\u00e5 utedoen p\u00e5 Kongshelleren<\/p>\n\n\n\n<figure class=\"wp-block-image size-large\"><img decoding=\"async\" src=\"https:\/\/hellem.org\/pic\/2026\/08\/29082026_IMG_4280.jpg\" alt=\"\"\/><\/figure>\n","protected":false},"excerpt":{"rendered":"<p>Da har jeg v\u00e6rt p\u00e5 fjelltur med jobben til Iungsdalshytta og der benyttet jeg ogs\u00e5 anledningen til \u00e5 samel to andre hytter. Som seg h\u00f8r og b\u00f8r s\u00e5 m\u00e5tte jeg jo selvf\u00f8lgelig ta bilder av utsikten fra de ulike utedoene. Og den samlingen viste seg faktisk \u00e5 ha nytteverdi n\u00e5r jeg p\u00e5 turen ble spurt [&hellip;]<\/p>\n","protected":false},"author":1,"featured_media":0,"comment_status":"open","ping_status":"closed","sticky":false,"template":"","format":"standard","meta":{"footnotes":""},"categories":[110],"tags":[],"class_list":["post-19376","post","type-post","status-publish","format-standard","hentry","category-in-norwegian"],"_links":{"self":[{"href":"https:\/\/hellem.org\/wblog\/wp-json\/wp\/v2\/posts\/19376","targetHints":{"allow":["GET"]}}],"collection":[{"href":"https:\/\/hellem.org\/wblog\/wp-json\/wp\/v2\/posts"}],"about":[{"href":"https:\/\/hellem.org\/wblog\/wp-json\/wp\/v2\/types\/post"}],"author":[{"embeddable":true,"href":"https:\/\/hellem.org\/wblog\/wp-json\/wp\/v2\/users\/1"}],"replies":[{"embeddable":true,"href":"https:\/\/hellem.org\/wblog\/wp-json\/wp\/v2\/comments?post=19376"}],"version-history":[{"count":6,"href":"https:\/\/hellem.org\/wblog\/wp-json\/wp\/v2\/posts\/19376\/revisions"}],"predecessor-version":[{"id":19382,"href":"https:\/\/hellem.org\/wblog\/wp-json\/wp\/v2\/posts\/19376\/revisions\/19382"}],"wp:attachment":[{"href":"https:\/\/hellem.org\/wblog\/wp-json\/wp\/v2\/media?parent=19376"}],"wp:term":[{"taxonomy":"category","embeddable":true,"href":"https:\/\/hellem.org\/wblog\/wp-json\/wp\/v2\/categories?post=19376"},{"taxonomy":"post_tag","embeddable":true,"href":"https:\/\/hellem.org\/wblog\/wp-json\/wp\/v2\/tags?post=19376"}],"curies":[{"name":"wp","href":"https:\/\/api.w.org\/{rel}","templated":true}]}}